{"id":98,"date":"2025-02-27T00:00:00","date_gmt":"2025-02-27T00:00:00","guid":{"rendered":"https:\/\/baltnavyleaguecarlmlevin.org\/?p=98"},"modified":"2025-04-02T14:31:59","modified_gmt":"2025-04-02T13:31:59","slug":"les-erreurs-a-eviter-quand-on-porte-une-veste-avec-une-robe-noire","status":"publish","type":"post","link":"https:\/\/baltnavyleaguecarlmlevin.org\/ro\/les-erreurs-a-eviter-quand-on-porte-une-veste-avec-une-robe-noire\/","title":{"rendered":"Gre\u0219eli de evitat atunci c\u00e2nd por\u021bi o jachet\u0103 cu o rochie neagr\u0103"},"content":{"rendered":"<div class=\"kk-star-ratings kksr-auto kksr-align-left kksr-valign-top\"\n    data-payload='{&quot;align&quot;:&quot;left&quot;,&quot;id&quot;:&quot;98&quot;,&quot;slug&quot;:&quot;default&quot;,&quot;valign&quot;:&quot;top&quot;,&quot;ignore&quot;:&quot;&quot;,&quot;reference&quot;:&quot;auto&quot;,&quot;class&quot;:&quot;&quot;,&quot;count&quot;:&quot;0&quot;,&quot;legendonly&quot;:&quot;&quot;,&quot;readonly&quot;:&quot;&quot;,&quot;score&quot;:&quot;0&quot;,&quot;starsonly&quot;:&quot;&quot;,&quot;best&quot;:&quot;5&quot;,&quot;gap&quot;:&quot;5&quot;,&quot;greet&quot;:&quot;Rate this post&quot;,&quot;legend&quot;:&quot;0\\\/5 - (0 votes)&quot;,&quot;size&quot;:&quot;24&quot;,&quot;title&quot;:&quot;Les erreurs \u00e0 \u00e9viter quand on porte une veste avec une robe noire&quot;,&quot;width&quot;:&quot;0&quot;,&quot;_legend&quot;:&quot;{score}\\\/{best} - ({count} {votes})&quot;,&quot;font_factor&quot;:&quot;1.25&quot;}'>\n            \n<div class=\"kksr-stars\">\n    \n<div class=\"kksr-stars-inactive\">\n            <div class=\"kksr-star\" data-star=\"1\" style=\"padding-right: 5px\">\n            \n\n<div class=\"kksr-icon\" style=\"width: 24px; height: 24px;\"><\/div>\n        <\/div>\n            <div class=\"kksr-star\" data-star=\"2\" style=\"padding-right: 5px\">\n            \n\n<div class=\"kksr-icon\" style=\"width: 24px; height: 24px;\"><\/div>\n        <\/div>\n            <div class=\"kksr-star\" data-star=\"3\" style=\"padding-right: 5px\">\n            \n\n<div class=\"kksr-icon\" style=\"width: 24px; height: 24px;\"><\/div>\n        <\/div>\n            <div class=\"kksr-star\" data-star=\"4\" style=\"padding-right: 5px\">\n            \n\n<div class=\"kksr-icon\" style=\"width: 24px; height: 24px;\"><\/div>\n        <\/div>\n            <div class=\"kksr-star\" data-star=\"5\" style=\"padding-right: 5px\">\n            \n\n<div class=\"kksr-icon\" style=\"width: 24px; height: 24px;\"><\/div>\n        <\/div>\n    <\/div>\n    \n<div class=\"kksr-stars-active\" style=\"width: 0px;\">\n            <div class=\"kksr-star\" style=\"padding-right: 5px\">\n            \n\n<div class=\"kksr-icon\" style=\"width: 24px; height: 24px;\"><\/div>\n        <\/div>\n            <div class=\"kksr-star\" style=\"padding-right: 5px\">\n            \n\n<div class=\"kksr-icon\" style=\"width: 24px; height: 24px;\"><\/div>\n        <\/div>\n            <div class=\"kksr-star\" style=\"padding-right: 5px\">\n            \n\n<div class=\"kksr-icon\" style=\"width: 24px; height: 24px;\"><\/div>\n        <\/div>\n            <div class=\"kksr-star\" style=\"padding-right: 5px\">\n            \n\n<div class=\"kksr-icon\" style=\"width: 24px; height: 24px;\"><\/div>\n        <\/div>\n            <div class=\"kksr-star\" style=\"padding-right: 5px\">\n            \n\n<div class=\"kksr-icon\" style=\"width: 24px; height: 24px;\"><\/div>\n        <\/div>\n    <\/div>\n<\/div>\n                \n\n<div class=\"kksr-legend\" style=\"font-size: 19.2px;\">\n            <span class=\"kksr-muted\">Evalueaz\u0103 aceast\u0103 postare<\/span>\n    <\/div>\n    <\/div>\n<p>\u00cen lumea modei, rochia neagr\u0103 este mult mai mult dec\u00e2t o simpl\u0103 pies\u0103 vestimentar\u0103. Este un adev\u0103rat clasic care transcende anotimpurile. Cu toate acestea, asortarea acestei piese atemporale cu o jachet\u0103 poate fi o adev\u0103rat\u0103 b\u0103taie de cap. Fie c\u0103 te preg\u0103te\u0219ti pentru o ie\u0219ire casual sau un eveniment \u0219ic, alegerea jachetei potrivite este crucial\u0103. Dac\u0103 nu e\u0219ti atent\u0103, po\u021bi c\u0103dea cu u\u0219urin\u021b\u0103 \u00een anumite gre\u0219eli care \u021bi-ar putea strica aspectul. \u00cen acest articol, vom explora cele mai frecvente gre\u0219eli de evitat atunci c\u00e2nd por\u021bi o jachet\u0103 cu o rochie neagr\u0103, asigur\u00e2ndu-te c\u0103 ar\u0103\u021bi mereu elegant\u0103 \u0219i stilat\u0103.<\/p>\n<h2>Alegerea croielii gre\u0219ite a jachetei<\/h2>\n<p><img decoding=\"async\" alt=\"Une femme avec une veste en cuir noire et une robe noire, main dans la poche, se tenant dans un int\u00e9rieur \u00e9l\u00e9gant.\" src=\"https:\/\/baltnavyleaguecarlmlevin.org\/wp-content\/uploads\/2025\/02\/image4d0e74a03066462db18c193ac4aa9cdc.png\"\/><\/p>\n<p>O jachet\u0103 nepotrivit\u0103 \u00ee\u021bi poate strica \u00eentreaga \u021binut\u0103. Prin urmare, alegerea croielii potrivite este esen\u021bial\u0103. O jachet\u0103 prea larg\u0103 poate crea un aspect neglijent, \u00een timp ce una prea str\u00e2mt\u0103 poate fi inconfortabil\u0103. Pentru a ob\u021bine cele mai bune rezultate, este esen\u021bial s\u0103 alegi o croial\u0103 care se potrive\u0219te siluetei tale. \u00cen func\u021bie de tipul t\u0103u de corp, po\u021bi opta pentru stiluri care \u00ee\u021bi scot \u00een eviden\u021b\u0103 cele mai bune tr\u0103s\u0103turi. Re\u021bine c\u0103 fiecare siluet\u0103 poate fi pus\u0103 \u00een valoare prin alegerea jachetei potrivite.<\/p>\n<table border=\"1\">\n<tr>\n<th>Tipul de t\u0103iere<\/th>\n<th>Loca\u021bie ideal\u0103<\/th>\n<\/tr>\n<tr>\n<td>Jachet\u0103 mulat\u0103<\/td>\n<td>Rochie evazat\u0103<\/td>\n<\/tr>\n<tr>\n<td>Jachet\u0103 supradimensionat\u0103<\/td>\n<td>Stil casual<\/td>\n<\/tr>\n<tr>\n<td>Jachet\u0103 scurt\u0103<\/td>\n<td>Rochie maxi<\/td>\n<\/tr>\n<\/table>\n<h2>Ignor\u0103 subiectele<\/h2>\n<p><img decoding=\"async\" alt=\"Six femmes \u00e9l\u00e9gantes posent ensemble dans un caf\u00e9, chacune v\u00eatue d'une robe noire et d'une veste.\" src=\"https:\/\/baltnavyleaguecarlmlevin.org\/wp-content\/uploads\/2025\/02\/image62da43f2a977495884a0b5d1f724ba2d.png\"\/><\/p>\n<p>Materialul jachetei tale joac\u0103 un rol crucial \u00een completarea rochiei tale negre. Contrastul prost ales \u00eentre texturi poate crea un conflict \u00een aspectul t\u0103u general. Materiale precum pielea, l\u00e2na sau denimul pot oferi stiluri diferite. Cu toate acestea, este esen\u021bial s\u0103 armonizezi aceste elemente pentru a ob\u021bine un rezultat elegant. O alegere \u00een\u021beleapt\u0103 a materialului \u00ee\u021bi poate transforma complet \u021binuta, d\u00e2nd rochiei tale negre o nou\u0103 via\u021b\u0103. Simte-te liber\u0103 s\u0103 combini texturi, dar r\u0103m\u00e2i \u00een limite rezonabile.<\/p>\n<ul>\n<li>Piele: perfect\u0103 pentru un look rock \u0219i \u00eendr\u0103zne\u021b.<\/li>\n<li>L\u00e2n\u0103: ideal\u0103 pentru ocazii formale \u0219i de iarn\u0103.<\/li>\n<li>Denim: aduce o not\u0103 casual \u0219i tinereasc\u0103.<\/li>\n<\/ul>\n<h2>Alegerea culorilor \u0219i modelelor gre\u0219ite<\/h2>\n<p>Pentru a v\u0103 coordona \u021binuta, culoarea sacoului ar trebui s\u0103 se potriveasc\u0103 rochiei negre, nu s\u0103 concureze cu aceasta. Imprimeurile \u0219i culorile prea str\u0103lucitoare pot distrage cu u\u0219urin\u021b\u0103 aten\u021bia de la rochie. Pentru un aspect sofisticat, opta\u021bi pentru culori neutre, care se potrivesc bine cu negrul. De asemenea, merit\u0103 s\u0103 \u021bine\u021bi cont de faptul c\u0103 pot func\u021biona \u0219i imprimeuri subtile, at\u00e2ta timp c\u00e2t nu cople\u0219esc \u021binuta. Culorile pastelate pot ad\u0103uga, de asemenea, o not\u0103 de elegan\u021b\u0103. Cheia este s\u0103 g\u0103si\u021bi echilibrul perfect \u00eentre simplitate \u0219i originalitate.<\/p>\n<ul>\n<li>Culori neutre: negru, bej, gri, alb.<\/li>\n<li>Modele subtile: dungi fine, buline discrete.<\/li>\n<li>Evita\u021bi: modelele stridente \u0219i culorile saturate.<\/li>\n<\/ul>\n<h2>Neglijarea accesoriilor<\/h2>\n<p>Accesoriile pot transforma complet un look, ad\u0103ug\u00e2nd acea not\u0103 final\u0103 esen\u021bial\u0103. F\u0103r\u0103 ele, \u021binuta ta poate p\u0103rea nefinisat\u0103. Accesoriile bine alese, cum ar fi o curea sau bijuterii rafinate, pot pune \u00een valoare combina\u021bia rochie neagr\u0103 cu jacheta. Aceste mici detalii \u00ee\u021bi pot personaliza stilul \u0219i \u00ee\u021bi pot afirma personalitatea. Nu te teme s\u0103 experimentezi, deoarece accesoriile potrivite pot face adesea toat\u0103 diferen\u021ba.<\/p>\n<h2>Concluzie<\/h2>\n<p>Pe scurt, evitarea gre\u0219elilor comune atunci c\u00e2nd por\u021bi o jachet\u0103 cu o rochie neagr\u0103 este crucial\u0103 pentru ob\u021binerea unui look reu\u0219it. Acord\u0103-\u021bi timp pentru a alege croielile, materialele, culorile \u0219i accesoriile potrivite pentru a ob\u021bine o siluet\u0103 elegant\u0103 \u0219i armonioas\u0103. Aplic\u00e2nd aceste sfaturi, vei face cu siguran\u021b\u0103 senza\u021bie, fie c\u0103 ie\u0219i \u00een ora\u0219 cu prietenii, fie c\u0103 participi la un eveniment formal. Nu uita: fiecare detaliu conteaz\u0103, iar o rochie neagr\u0103 merit\u0103 s\u0103 fie pus\u0103 \u00een valoare.<\/p>\n<h2>\u00centreb\u0103ri frecvente<\/h2>\n<ul>\n<li><strong>Ce material pentru o jachet\u0103 se potrive\u0219te cel mai bine cu o rochie neagr\u0103?<\/strong> Materiale precum pielea, l\u00e2na sau denimul sunt alegeri excelente. Acestea adaug\u0103 o textur\u0103 interesant\u0103 ce poate completa rochia.<\/li>\n<li><strong>Cum s\u0103 alegi croiala potrivit\u0103 a jachetei?<\/strong> Ia \u00een considerare forma corpului t\u0103u \u0219i stilul rochiei tale. O jachet\u0103 mulat\u0103 se potrive\u0219te bine cu o rochie evazat\u0103, de exemplu.<\/li>\n<li><strong>Pot purta o jachet\u0103 colorat\u0103 cu o rochie neagr\u0103?<\/strong> Da, po\u021bi, dar alege culori neutre sau modele subtile pentru a nu eclipsa rochia.<\/li>\n<li><strong>Ce accesorii recomanda\u021bi pentru acest set?<\/strong> Bijuterii delicate, o curea pentru a accentua talia sau o geant\u0103 elegant\u0103 pot pune \u00een valoare \u021binuta.<\/li>\n<\/ul>","protected":false},"excerpt":{"rendered":"<p>\u00cen lumea modei, rochia neagr\u0103 este mai mult dec\u00e2t o simpl\u0103 pies\u0103 vestimentar\u0103. Este un adev\u0103rat clasic care transcende anotimpurile. Cu toate acestea, asortarea acestei piese atemporale cu o jachet\u0103 poate fi o adev\u0103rat\u0103 provocare. Fie c\u0103 te preg\u0103te\u0219ti pentru o ie\u0219ire casual sau un eveniment elegant, alegerea jachetei potrivite este [\u2026]<\/p>","protected":false},"author":2,"featured_media":64,"comment_status":"open","ping_status":"open","sticky":false,"template":"","format":"standard","meta":{"_acf_changed":false,"footnotes":""},"categories":[1],"tags":[],"class_list":["post-98","post","type-post","status-publish","format-standard","has-post-thumbnail","hentry","category-blog"],"acf":[],"yoast_head":"<!-- This site is optimized with the Yoast SEO plugin v23.2 - https:\/\/yoast.com\/wordpress\/plugins\/seo\/ -->\n<title>Les erreurs \u00e0 \u00e9viter quand on porte une veste avec une robe noire : Guide de style essentiel<\/title>\n<meta name=\"description\" content=\"D\u00e9couvrez les erreurs courantes \u00e0 \u00e9viter pour porter une veste avec une robe noire et obtenir un look \u00e9l\u00e9gant et harmonieux.\" \/>\n<meta name=\"robots\" content=\"index, follow, max-snippet:-1, max-image-preview:large, max-video-preview:-1\" \/>\n<link rel=\"canonical\" href=\"https:\/\/baltnavyleaguecarlmlevin.org\/ro\/les-erreurs-a-eviter-quand-on-porte-une-veste-avec-une-robe-noire\/\" \/>\n<meta property=\"og:locale\" content=\"ro_RO\" \/>\n<meta property=\"og:type\" content=\"article\" \/>\n<meta property=\"og:title\" content=\"Les erreurs \u00e0 \u00e9viter quand on porte une veste avec une robe noire : Guide de style essentiel\" \/>\n<meta property=\"og:description\" content=\"D\u00e9couvrez les erreurs courantes \u00e0 \u00e9viter pour porter une veste avec une robe noire et obtenir un look \u00e9l\u00e9gant et harmonieux.\" \/>\n<meta property=\"og:url\" content=\"https:\/\/baltnavyleaguecarlmlevin.org\/ro\/les-erreurs-a-eviter-quand-on-porte-une-veste-avec-une-robe-noire\/\" \/>\n<meta property=\"og:site_name\" content=\"baltnavyleaguecarlmlevin.org\" \/>\n<meta property=\"article:published_time\" content=\"2025-02-27T00:00:00+00:00\" \/>\n<meta property=\"article:modified_time\" content=\"2025-04-02T13:31:59+00:00\" \/>\n<meta property=\"og:image\" content=\"https:\/\/baltnavyleaguecarlmlevin.org\/wp-content\/uploads\/2025\/02\/image36112a8c3691439281d966239c489f72.png\" \/>\n\t<meta property=\"og:image:width\" content=\"1024\" \/>\n\t<meta property=\"og:image:height\" content=\"768\" \/>\n\t<meta property=\"og:image:type\" content=\"image\/png\" \/>\n<meta name=\"author\" content=\"Ad\u00e8le Valois\" \/>\n<meta name=\"twitter:card\" content=\"summary_large_image\" \/>\n<meta name=\"twitter:label1\" content=\"Scris de\" \/>\n\t<meta name=\"twitter:data1\" content=\"Ad\u00e8le Valois\" \/>\n\t<meta name=\"twitter:label2\" content=\"Timp estimat pentru citire\" \/>\n\t<meta name=\"twitter:data2\" content=\"4 minute\" \/>\n<script type=\"application\/ld+json\" class=\"yoast-schema-graph\">{\"@context\":\"https:\/\/schema.org\",\"@graph\":[{\"@type\":\"WebPage\",\"@id\":\"https:\/\/baltnavyleaguecarlmlevin.org\/les-erreurs-a-eviter-quand-on-porte-une-veste-avec-une-robe-noire\/\",\"url\":\"https:\/\/baltnavyleaguecarlmlevin.org\/les-erreurs-a-eviter-quand-on-porte-une-veste-avec-une-robe-noire\/\",\"name\":\"Les erreurs \u00e0 \u00e9viter quand on porte une veste avec une robe noire : Guide de style essentiel\",\"isPartOf\":{\"@id\":\"https:\/\/baltnavyleaguecarlmlevin.org\/#website\"},\"primaryImageOfPage\":{\"@id\":\"https:\/\/baltnavyleaguecarlmlevin.org\/les-erreurs-a-eviter-quand-on-porte-une-veste-avec-une-robe-noire\/#primaryimage\"},\"image\":{\"@id\":\"https:\/\/baltnavyleaguecarlmlevin.org\/les-erreurs-a-eviter-quand-on-porte-une-veste-avec-une-robe-noire\/#primaryimage\"},\"thumbnailUrl\":\"https:\/\/baltnavyleaguecarlmlevin.org\/wp-content\/uploads\/2025\/02\/image36112a8c3691439281d966239c489f72.png\",\"datePublished\":\"2025-02-27T00:00:00+00:00\",\"dateModified\":\"2025-04-02T13:31:59+00:00\",\"author\":{\"@id\":\"https:\/\/baltnavyleaguecarlmlevin.org\/#\/schema\/person\/ca79de6675a4eff683fdfac45ae84e32\"},\"description\":\"D\u00e9couvrez les erreurs courantes \u00e0 \u00e9viter pour porter une veste avec une robe noire et obtenir un look \u00e9l\u00e9gant et harmonieux.\",\"breadcrumb\":{\"@id\":\"https:\/\/baltnavyleaguecarlmlevin.org\/les-erreurs-a-eviter-quand-on-porte-une-veste-avec-une-robe-noire\/#breadcrumb\"},\"inLanguage\":\"ro-RO\",\"potentialAction\":[{\"@type\":\"ReadAction\",\"target\":[\"https:\/\/baltnavyleaguecarlmlevin.org\/les-erreurs-a-eviter-quand-on-porte-une-veste-avec-une-robe-noire\/\"]}]},{\"@type\":\"ImageObject\",\"inLanguage\":\"ro-RO\",\"@id\":\"https:\/\/baltnavyleaguecarlmlevin.org\/les-erreurs-a-eviter-quand-on-porte-une-veste-avec-une-robe-noire\/#primaryimage\",\"url\":\"https:\/\/baltnavyleaguecarlmlevin.org\/wp-content\/uploads\/2025\/02\/image36112a8c3691439281d966239c489f72.png\",\"contentUrl\":\"https:\/\/baltnavyleaguecarlmlevin.org\/wp-content\/uploads\/2025\/02\/image36112a8c3691439281d966239c489f72.png\",\"width\":1024,\"height\":768},{\"@type\":\"BreadcrumbList\",\"@id\":\"https:\/\/baltnavyleaguecarlmlevin.org\/les-erreurs-a-eviter-quand-on-porte-une-veste-avec-une-robe-noire\/#breadcrumb\",\"itemListElement\":[{\"@type\":\"ListItem\",\"position\":1,\"name\":\"Home\",\"item\":\"https:\/\/baltnavyleaguecarlmlevin.org\/\"},{\"@type\":\"ListItem\",\"position\":2,\"name\":\"Les erreurs \u00e0 \u00e9viter quand on porte une veste avec une robe noire\"}]},{\"@type\":\"WebSite\",\"@id\":\"https:\/\/baltnavyleaguecarlmlevin.org\/#website\",\"url\":\"https:\/\/baltnavyleaguecarlmlevin.org\/\",\"name\":\"baltnavyleaguecarlmlevin.org\",\"description\":\"\u00c9l\u00e9gance et Mode: D\u00e9couvrez des looks modernes et conseils pour s\u2019habiller avec style\",\"potentialAction\":[{\"@type\":\"SearchAction\",\"target\":{\"@type\":\"EntryPoint\",\"urlTemplate\":\"https:\/\/baltnavyleaguecarlmlevin.org\/?s={search_term_string}\"},\"query-input\":\"required name=search_term_string\"}],\"inLanguage\":\"ro-RO\"},{\"@type\":\"Person\",\"@id\":\"https:\/\/baltnavyleaguecarlmlevin.org\/#\/schema\/person\/ca79de6675a4eff683fdfac45ae84e32\",\"name\":\"Ad\u00e8le Valois\",\"image\":{\"@type\":\"ImageObject\",\"inLanguage\":\"ro-RO\",\"@id\":\"https:\/\/baltnavyleaguecarlmlevin.org\/#\/schema\/person\/image\/\",\"url\":\"https:\/\/baltnavyleaguecarlmlevin.org\/wp-content\/uploads\/2025\/01\/adele-valois_avatar-96x96.jpg\",\"contentUrl\":\"https:\/\/baltnavyleaguecarlmlevin.org\/wp-content\/uploads\/2025\/01\/adele-valois_avatar-96x96.jpg\",\"caption\":\"Ad\u00e8le Valois\"},\"description\":\"Je suis Ad\u00e8le Valois, analyste de tendances mode bas\u00e9e \u00e0 Lille. Sp\u00e9cialis\u00e9e dans la pr\u00e9vision des collections futures, j'ai d\u00e9velopp\u00e9 mon expertise au c\u0153ur de l'industrie textile du Nord de la France. Ma m\u00e9thodologie unique combine l'\u00e9tude des archives historiques avec l'analyse des mouvements sociaux contemporains. Je travaille \u00e9troitement avec les manufactures de Roubaix et les cr\u00e9ateurs \u00e9mergents, ce qui me permet de comprendre en profondeur les cycles de la mode.\",\"url\":\"https:\/\/baltnavyleaguecarlmlevin.org\/ro\/author\/adele-valois\/\"}]}<\/script>\n<!-- \/ Yoast SEO plugin. -->","yoast_head_json":{"title":"Les erreurs \u00e0 \u00e9viter quand on porte une veste avec une robe noire : Guide de style essentiel","description":"D\u00e9couvrez les erreurs courantes \u00e0 \u00e9viter pour porter une veste avec une robe noire et obtenir un look \u00e9l\u00e9gant et harmonieux.","robots":{"index":"index","follow":"follow","max-snippet":"max-snippet:-1","max-image-preview":"max-image-preview:large","max-video-preview":"max-video-preview:-1"},"canonical":"https:\/\/baltnavyleaguecarlmlevin.org\/ro\/les-erreurs-a-eviter-quand-on-porte-une-veste-avec-une-robe-noire\/","og_locale":"ro_RO","og_type":"article","og_title":"Les erreurs \u00e0 \u00e9viter quand on porte une veste avec une robe noire : Guide de style essentiel","og_description":"D\u00e9couvrez les erreurs courantes \u00e0 \u00e9viter pour porter une veste avec une robe noire et obtenir un look \u00e9l\u00e9gant et harmonieux.","og_url":"https:\/\/baltnavyleaguecarlmlevin.org\/ro\/les-erreurs-a-eviter-quand-on-porte-une-veste-avec-une-robe-noire\/","og_site_name":"baltnavyleaguecarlmlevin.org","article_published_time":"2025-02-27T00:00:00+00:00","article_modified_time":"2025-04-02T13:31:59+00:00","og_image":[{"width":1024,"height":768,"url":"https:\/\/baltnavyleaguecarlmlevin.org\/wp-content\/uploads\/2025\/02\/image36112a8c3691439281d966239c489f72.png","type":"image\/png"}],"author":"Ad\u00e8le Valois","twitter_card":"summary_large_image","twitter_misc":{"Scris de":"Ad\u00e8le Valois","Timp estimat pentru citire":"4 minute"},"schema":{"@context":"https:\/\/schema.org","@graph":[{"@type":"WebPage","@id":"https:\/\/baltnavyleaguecarlmlevin.org\/les-erreurs-a-eviter-quand-on-porte-une-veste-avec-une-robe-noire\/","url":"https:\/\/baltnavyleaguecarlmlevin.org\/les-erreurs-a-eviter-quand-on-porte-une-veste-avec-une-robe-noire\/","name":"Les erreurs \u00e0 \u00e9viter quand on porte une veste avec une robe noire : Guide de style essentiel","isPartOf":{"@id":"https:\/\/baltnavyleaguecarlmlevin.org\/#website"},"primaryImageOfPage":{"@id":"https:\/\/baltnavyleaguecarlmlevin.org\/les-erreurs-a-eviter-quand-on-porte-une-veste-avec-une-robe-noire\/#primaryimage"},"image":{"@id":"https:\/\/baltnavyleaguecarlmlevin.org\/les-erreurs-a-eviter-quand-on-porte-une-veste-avec-une-robe-noire\/#primaryimage"},"thumbnailUrl":"https:\/\/baltnavyleaguecarlmlevin.org\/wp-content\/uploads\/2025\/02\/image36112a8c3691439281d966239c489f72.png","datePublished":"2025-02-27T00:00:00+00:00","dateModified":"2025-04-02T13:31:59+00:00","author":{"@id":"https:\/\/baltnavyleaguecarlmlevin.org\/#\/schema\/person\/ca79de6675a4eff683fdfac45ae84e32"},"description":"D\u00e9couvrez les erreurs courantes \u00e0 \u00e9viter pour porter une veste avec une robe noire et obtenir un look \u00e9l\u00e9gant et harmonieux.","breadcrumb":{"@id":"https:\/\/baltnavyleaguecarlmlevin.org\/les-erreurs-a-eviter-quand-on-porte-une-veste-avec-une-robe-noire\/#breadcrumb"},"inLanguage":"ro-RO","potentialAction":[{"@type":"ReadAction","target":["https:\/\/baltnavyleaguecarlmlevin.org\/les-erreurs-a-eviter-quand-on-porte-une-veste-avec-une-robe-noire\/"]}]},{"@type":"ImageObject","inLanguage":"ro-RO","@id":"https:\/\/baltnavyleaguecarlmlevin.org\/les-erreurs-a-eviter-quand-on-porte-une-veste-avec-une-robe-noire\/#primaryimage","url":"https:\/\/baltnavyleaguecarlmlevin.org\/wp-content\/uploads\/2025\/02\/image36112a8c3691439281d966239c489f72.png","contentUrl":"https:\/\/baltnavyleaguecarlmlevin.org\/wp-content\/uploads\/2025\/02\/image36112a8c3691439281d966239c489f72.png","width":1024,"height":768},{"@type":"BreadcrumbList","@id":"https:\/\/baltnavyleaguecarlmlevin.org\/les-erreurs-a-eviter-quand-on-porte-une-veste-avec-une-robe-noire\/#breadcrumb","itemListElement":[{"@type":"ListItem","position":1,"name":"Home","item":"https:\/\/baltnavyleaguecarlmlevin.org\/"},{"@type":"ListItem","position":2,"name":"Les erreurs \u00e0 \u00e9viter quand on porte une veste avec une robe noire"}]},{"@type":"WebSite","@id":"https:\/\/baltnavyleaguecarlmlevin.org\/#website","url":"https:\/\/baltnavyleaguecarlmlevin.org\/","name":"baltnavyleaguecarlmlevin.org","description":"\u00c9l\u00e9gance et Mode: D\u00e9couvrez des looks modernes et conseils pour s\u2019habiller avec style","potentialAction":[{"@type":"SearchAction","target":{"@type":"EntryPoint","urlTemplate":"https:\/\/baltnavyleaguecarlmlevin.org\/?s={search_term_string}"},"query-input":"required name=search_term_string"}],"inLanguage":"ro-RO"},{"@type":"Person","@id":"https:\/\/baltnavyleaguecarlmlevin.org\/#\/schema\/person\/ca79de6675a4eff683fdfac45ae84e32","name":"Ad\u00e8le Valois","image":{"@type":"ImageObject","inLanguage":"ro-RO","@id":"https:\/\/baltnavyleaguecarlmlevin.org\/#\/schema\/person\/image\/","url":"https:\/\/baltnavyleaguecarlmlevin.org\/wp-content\/uploads\/2025\/01\/adele-valois_avatar-96x96.jpg","contentUrl":"https:\/\/baltnavyleaguecarlmlevin.org\/wp-content\/uploads\/2025\/01\/adele-valois_avatar-96x96.jpg","caption":"Ad\u00e8le Valois"},"description":"Je suis Ad\u00e8le Valois, analyste de tendances mode bas\u00e9e \u00e0 Lille. Sp\u00e9cialis\u00e9e dans la pr\u00e9vision des collections futures, j'ai d\u00e9velopp\u00e9 mon expertise au c\u0153ur de l'industrie textile du Nord de la France. Ma m\u00e9thodologie unique combine l'\u00e9tude des archives historiques avec l'analyse des mouvements sociaux contemporains. Je travaille \u00e9troitement avec les manufactures de Roubaix et les cr\u00e9ateurs \u00e9mergents, ce qui me permet de comprendre en profondeur les cycles de la mode.","url":"https:\/\/baltnavyleaguecarlmlevin.org\/ro\/author\/adele-valois\/"}]}},"yoast_meta":{"yoast_wpseo_title":"","yoast_wpseo_metadesc":"","yoast_wpseo_canonical":"https:\/\/baltnavyleaguecarlmlevin.org\/ro\/wp-json\/wp\/v2\/posts\/98"},"_links":{"self":[{"href":"https:\/\/baltnavyleaguecarlmlevin.org\/ro\/wp-json\/wp\/v2\/posts\/98","targetHints":{"allow":["GET"]}}],"collection":[{"href":"https:\/\/baltnavyleaguecarlmlevin.org\/ro\/wp-json\/wp\/v2\/posts"}],"about":[{"href":"https:\/\/baltnavyleaguecarlmlevin.org\/ro\/wp-json\/wp\/v2\/types\/post"}],"author":[{"embeddable":true,"href":"https:\/\/baltnavyleaguecarlmlevin.org\/ro\/wp-json\/wp\/v2\/users\/2"}],"replies":[{"embeddable":true,"href":"https:\/\/baltnavyleaguecarlmlevin.org\/ro\/wp-json\/wp\/v2\/comments?post=98"}],"version-history":[{"count":2,"href":"https:\/\/baltnavyleaguecarlmlevin.org\/ro\/wp-json\/wp\/v2\/posts\/98\/revisions"}],"predecessor-version":[{"id":168,"href":"https:\/\/baltnavyleaguecarlmlevin.org\/ro\/wp-json\/wp\/v2\/posts\/98\/revisions\/168"}],"wp:featuredmedia":[{"embeddable":true,"href":"https:\/\/baltnavyleaguecarlmlevin.org\/ro\/wp-json\/wp\/v2\/media\/64"}],"wp:attachment":[{"href":"https:\/\/baltnavyleaguecarlmlevin.org\/ro\/wp-json\/wp\/v2\/media?parent=98"}],"wp:term":[{"taxonomy":"category","embeddable":true,"href":"https:\/\/baltnavyleaguecarlmlevin.org\/ro\/wp-json\/wp\/v2\/categories?post=98"},{"taxonomy":"post_tag","embeddable":true,"href":"https:\/\/baltnavyleaguecarlmlevin.org\/ro\/wp-json\/wp\/v2\/tags?post=98"}],"curies":[{"name":"wp","href":"https:\/\/api.w.org\/{rel}","templated":true}]}}