{"id":216,"date":"2025-04-16T00:00:00","date_gmt":"2025-04-15T23:00:00","guid":{"rendered":"https:\/\/baltnavyleaguecarlmlevin.org\/?p=216"},"modified":"2025-04-16T00:00:00","modified_gmt":"2025-04-15T23:00:00","slug":"quel-haut-en-lin-avec-un-pantalon-bleu-marine-pour-un-ete-frais","status":"publish","type":"post","link":"https:\/\/baltnavyleaguecarlmlevin.org\/ro\/quel-haut-en-lin-avec-un-pantalon-bleu-marine-pour-un-ete-frais\/","title":{"rendered":"Ce top de in se potrive\u0219te cu pantaloni bleumarin pentru o var\u0103 r\u0103coroas\u0103?"},"content":{"rendered":"<div class=\"kk-star-ratings kksr-auto kksr-align-left kksr-valign-top\"\n    data-payload='{&quot;align&quot;:&quot;left&quot;,&quot;id&quot;:&quot;216&quot;,&quot;slug&quot;:&quot;default&quot;,&quot;valign&quot;:&quot;top&quot;,&quot;ignore&quot;:&quot;&quot;,&quot;reference&quot;:&quot;auto&quot;,&quot;class&quot;:&quot;&quot;,&quot;count&quot;:&quot;0&quot;,&quot;legendonly&quot;:&quot;&quot;,&quot;readonly&quot;:&quot;&quot;,&quot;score&quot;:&quot;0&quot;,&quot;starsonly&quot;:&quot;&quot;,&quot;best&quot;:&quot;5&quot;,&quot;gap&quot;:&quot;5&quot;,&quot;greet&quot;:&quot;Rate this post&quot;,&quot;legend&quot;:&quot;0\\\/5 - (0 votes)&quot;,&quot;size&quot;:&quot;24&quot;,&quot;title&quot;:&quot;Quel haut en lin avec un pantalon bleu marine pour un \u00e9t\u00e9 frais ?&quot;,&quot;width&quot;:&quot;0&quot;,&quot;_legend&quot;:&quot;{score}\\\/{best} - ({count} {votes})&quot;,&quot;font_factor&quot;:&quot;1.25&quot;}'>\n            \n<div class=\"kksr-stars\">\n    \n<div class=\"kksr-stars-inactive\">\n            <div class=\"kksr-star\" data-star=\"1\" style=\"padding-right: 5px\">\n            \n\n<div class=\"kksr-icon\" style=\"width: 24px; height: 24px;\"><\/div>\n        <\/div>\n            <div class=\"kksr-star\" data-star=\"2\" style=\"padding-right: 5px\">\n            \n\n<div class=\"kksr-icon\" style=\"width: 24px; height: 24px;\"><\/div>\n        <\/div>\n            <div class=\"kksr-star\" data-star=\"3\" style=\"padding-right: 5px\">\n            \n\n<div class=\"kksr-icon\" style=\"width: 24px; height: 24px;\"><\/div>\n        <\/div>\n            <div class=\"kksr-star\" data-star=\"4\" style=\"padding-right: 5px\">\n            \n\n<div class=\"kksr-icon\" style=\"width: 24px; height: 24px;\"><\/div>\n        <\/div>\n            <div class=\"kksr-star\" data-star=\"5\" style=\"padding-right: 5px\">\n            \n\n<div class=\"kksr-icon\" style=\"width: 24px; height: 24px;\"><\/div>\n        <\/div>\n    <\/div>\n    \n<div class=\"kksr-stars-active\" style=\"width: 0px;\">\n            <div class=\"kksr-star\" style=\"padding-right: 5px\">\n            \n\n<div class=\"kksr-icon\" style=\"width: 24px; height: 24px;\"><\/div>\n        <\/div>\n            <div class=\"kksr-star\" style=\"padding-right: 5px\">\n            \n\n<div class=\"kksr-icon\" style=\"width: 24px; height: 24px;\"><\/div>\n        <\/div>\n            <div class=\"kksr-star\" style=\"padding-right: 5px\">\n            \n\n<div class=\"kksr-icon\" style=\"width: 24px; height: 24px;\"><\/div>\n        <\/div>\n            <div class=\"kksr-star\" style=\"padding-right: 5px\">\n            \n\n<div class=\"kksr-icon\" style=\"width: 24px; height: 24px;\"><\/div>\n        <\/div>\n            <div class=\"kksr-star\" style=\"padding-right: 5px\">\n            \n\n<div class=\"kksr-icon\" style=\"width: 24px; height: 24px;\"><\/div>\n        <\/div>\n    <\/div>\n<\/div>\n                \n\n<div class=\"kksr-legend\" style=\"font-size: 19.2px;\">\n            <span class=\"kksr-muted\">Evalueaz\u0103 aceast\u0103 postare<\/span>\n    <\/div>\n    <\/div>\n<p> Vara este anotimpul perfect pentru a-\u021bi exprima stilul, men\u021bin\u00e2ndu-\u021bi \u00een acela\u0219i timp confortul. Cu \u021bes\u0103turile sale u\u0219oare \u0219i respirabile, inul a devenit unul dintre materialele cheie \u00een garderoba de var\u0103. Asocierea unui top din in cu pantaloni bleumarin nu numai c\u0103 creeaz\u0103 o siluet\u0103 elegant\u0103, dar \u00ee\u021bi permite \u0219i s\u0103 profi\u021bi de r\u0103coarea oferit\u0103 de in. Bleumarinul este o culoare versatil\u0103 care se potrive\u0219te bine cu o multitudine de nuan\u021be, f\u0103c\u00e2nd posibil\u0103 o gam\u0103 larg\u0103 de combina\u021bii. \u00cen acest articol, v\u0103 prezent\u0103m cele mai bune op\u021biuni de topuri din in pentru un look elegant \u0219i atemporal, r\u0103m\u00e2n\u00e2nd \u00een acela\u0219i timp confortabile \u00een zilele fierbin\u021bi de var\u0103.<\/p>\n<p> Aleg\u00e2nd cu \u00een\u021belepciune, \u00ee\u021bi po\u021bi pune \u00een valoare personalitatea, aleg\u00e2nd \u00een acela\u0219i timp piese care eman\u0103 o sofisticare natural\u0103. C\u0103m\u0103\u0219ile din in, topurile cu m\u00e2nec\u0103 scurt\u0103 sau tricourile pot ad\u0103uga o not\u0103 unic\u0103 \u021binutei tale. Dar cum faci alegerea potrivit\u0103? Vom explora acest aspect \u00een detaliu, oferindu-\u021bi o list\u0103 de stiluri \u0219i accesorii ideale pentru a-\u021bi completa \u021binuta. Preg\u0103te\u0219te-te s\u0103 descoperi cum inul \u0219i bleumarinul \u00ee\u021bi pot transforma look-urile de var\u0103.<\/p>\n<h2>Beneficiile inului<\/h2>\n<p><img decoding=\"async\" alt=\"Une personne de dos portant un haut clair et un pantalon bleu marine dans un caf\u00e9 en plein air.\" src=\"https:\/\/baltnavyleaguecarlmlevin.org\/wp-content\/uploads\/2025\/04\/image3bd9d50a060646c3a4c9854e12b581aa.png\"\/><\/p>\n<p> Inul este mai mult dec\u00e2t o simpl\u0103 \u021bes\u0103tur\u0103 de var\u0103; este plin de beneficii care \u00eel fac un element de baz\u0103 \u00een garderob\u0103. \u00cen primul r\u00e2nd, respirabilitatea sa te ajut\u0103 s\u0103 te men\u021bii r\u0103coros, chiar \u0219i pe vreme cald\u0103. \u00cen plus, acest material absorbant ajut\u0103 la reglarea temperaturii corpului, ceea ce este un avantaj major \u00een lunile de var\u0103. \u00cen plus, inul este hipoalergenic, fiind ideal pentru persoanele cu pielea sensibil\u0103. Atractivitatea inului const\u0103 \u0219i \u00een aspectul s\u0103u natural; imperfec\u021biunile \u0219i texturile \u00eei confer\u0103 un caracter unic.<\/p>\n<h2>Modele de topuri din in de combinat<\/h2>\n<p><img decoding=\"async\" alt=\"Un groupe de huit personnes souriantes sur une plage ensoleill\u00e9e, v\u00eatues de tenues d\u00e9contract\u00e9es et \u00e9l\u00e9gantes.\" src=\"https:\/\/baltnavyleaguecarlmlevin.org\/wp-content\/uploads\/2025\/04\/image17291d3f60414db9acd53fa0d7ad0561.png\"\/><\/p>\n<h3>C\u0103m\u0103\u0219i de in<\/h3>\n<p> C\u0103m\u0103\u0219ile din in sunt o op\u021biune perfect\u0103 pentru un look \u0219ic, dar casual. Aceste piese sunt ideale pentru o ie\u0219ire \u00een ora\u0219 sau chiar pentru o sear\u0103 casual. C\u0103m\u0103\u0219ile albe sau bej ofer\u0103 un contrast frumos cu bleumarinul, \u00een timp ce modelele cu dungi adaug\u0103 o not\u0103 de originalitate f\u0103r\u0103 a fi prea stridente. Ia \u00een considerare alegerea unor c\u0103m\u0103\u0219i u\u0219oare, cu croi larg, pentru un confort maxim. <\/p>\n<p> Iat\u0103 c\u00e2teva lucruri pe care trebuie s\u0103 le cau\u021bi la o c\u0103ma\u0219\u0103 de in: <\/p>\n<ul>\n<li>Culori deschise precum albul sau bejul<\/li>\n<li>Dungi subtile pentru un stil subtil<\/li>\n<li>M\u00e2neci lungi sau trei sferturi, \u00een func\u021bie de preferin\u021be<\/li>\n<\/ul>\n<h3>Topuri cu m\u00e2nec\u0103 scurt\u0103<\/h3>\n<p> Topurile cu m\u00e2nec\u0103 scurt\u0103 din in pot fi u\u0219or combinate cu o varietate de stiluri. Sunt perfecte pentru un look casual, p\u0103str\u00e2nd \u00een acela\u0219i timp o not\u0103 de elegan\u021b\u0103. Nuan\u021bele pastelate, cum ar fi roz pal sau verde ment\u0103, se potrivesc bine cu bleumarinul, cre\u00e2nd o armonie vizual\u0103 pl\u0103cut\u0103. \u00cen plus, stilurile cu volane sau decupaje v\u0103 pot oferi un aspect mai dinamic \u0219i mai modern. <\/p>\n<h3>Tricouri din in<\/h3>\n<p> Un tricou de in este o alegere versatil\u0103 care poate fi u\u0219or asortat\u0103 cu pantaloni bleumarin. Aceast\u0103 op\u021biune este perfect\u0103 pentru zile mai casual, p\u0103str\u00e2nd \u00een acela\u0219i timp un aspect elegant. Opteaz\u0103 pentru nuan\u021be neutre sau deschise la culoare pentru a completa \u021binuta. Tricourile cu decolteu \u00een V, de exemplu, \u00ee\u021bi pot alungi silueta \u0219i pot oferi o not\u0103 de stil. <\/p>\n<p> Iat\u0103 c\u00e2teva recomand\u0103ri pentru tricourile tale din in: <\/p>\n<ol>\n<li>Alege culori precum alb-g\u0103lbui sau gri deschis.<\/li>\n<li>Caut\u0103 croieli flatante care s\u0103 te fac\u0103 s\u0103 te sim\u021bi confortabil.<\/li>\n<li>Lua\u021bi \u00een considerare modele subtile pentru un plus de stil.<\/li>\n<\/ol>\n<table border=\"1\">\n<tr>\n<th>Tip superior<\/th>\n<th>Culori recomandate<\/th>\n<th>Ocazie<\/th>\n<\/tr>\n<tr>\n<td>C\u0103ma\u0219\u0103 de in<\/td>\n<td>Alb, Bej, Dungi<\/td>\n<td>Ie\u0219iri formale<\/td>\n<\/tr>\n<tr>\n<td>Top cu m\u00e2nec\u0103 scurt\u0103<\/td>\n<td>Pastel<\/td>\n<td>Activit\u0103\u021bi ocazionale<\/td>\n<\/tr>\n<tr>\n<td>Tricou de in<\/td>\n<td>Culori neutre, culori deschise<\/td>\n<td>Zile relaxante<\/td>\n<\/tr>\n<\/table>\n<h2>Accesorii pentru completarea setului<\/h2>\n<p> Ad\u0103ugarea accesoriilor potrivite poate face toat\u0103 diferen\u021ba aspectului t\u0103u. O curea din piele maro, de exemplu, \u00ee\u021bi va accentua talia \u0219i va ad\u0103uga o not\u0103 de rafinament. Pentru \u00eenc\u0103l\u021b\u0103minte, alege sandale sau espadrile care sunt at\u00e2t confortabile, c\u00e2t \u0219i elegante. O p\u0103l\u0103rie de paie nu numai c\u0103 \u00ee\u021bi poate proteja fa\u021ba de soare, dar poate ad\u0103uga \u0219i o not\u0103 estival\u0103 \u021binutei tale.<\/p>\n<p> Iat\u0103 c\u00e2teva accesorii de luat \u00een considerare: <\/p>\n<ul>\n<li>P\u0103l\u0103rii de paie pentru var\u0103<\/li>\n<li>Geant\u0103 u\u0219oar\u0103 din p\u00e2nz\u0103 sau piele<\/li>\n<li>Cercei delica\u021bi pentru un stil elegant<\/li>\n<\/ul>\n<h2>Concluzie<\/h2>\n<p> Pe scurt, alegerea topului de in potrivit pentru asortarea cu pantaloni bleumarin este esen\u021bial\u0103 pentru a r\u0103m\u00e2ne elegant\u0103 \u0219i confortabil\u0103 \u00een aceast\u0103 var\u0103. Indiferent dac\u0103 optezi pentru o c\u0103ma\u0219\u0103 clasic\u0103, un top cu m\u00e2nec\u0103 scurt\u0103 sau un tricou, inul este \u00eentotdeauna o alegere c\u00e2\u0219tig\u0103toare. Asociind aceste topuri cu accesorii bine alese, po\u021bi transforma orice \u021binut\u0103 de var\u0103 \u00eentr-un ansamblu rafinat \u0219i elegant. <\/p>\n<h2>\u00centreb\u0103ri frecvente<\/h2>\n<ul>\n<li><strong>Ce tip de lenjerie este cel mai potrivit pentru var\u0103?<\/strong> Inul belgian este adesea considerat unul dintre cele mai bune datorit\u0103 u\u0219urin\u021bei \u0219i moliciunii sale.<\/li>\n<li><strong>Se \u0219ifoneaz\u0103 u\u0219or blaturile de in?<\/strong> Da, inul are tendin\u021ba de a se \u0219ifona, dar asta face parte \u0219i din farmecul s\u0103u natural.<\/li>\n<li><strong>Po\u021bi purta topuri de in cu alte culori dec\u00e2t bleumarin?<\/strong> Absolut! Inul se potrive\u0219te bine cu o varietate de culori precum alb, bej \u0219i chiar nuan\u021be str\u0103lucitoare.<\/li>\n<li><strong>Cum s\u0103 \u00eengrije\u0219ti un top de in?<\/strong> Se recomand\u0103 sp\u0103larea lenjeriei \u00een ap\u0103 rece, uscarea la aer \u0219i c\u0103lcarea la temperatur\u0103 sc\u0103zut\u0103 pentru a-i p\u0103stra calitatea.<\/li>\n<\/ul>","protected":false},"excerpt":{"rendered":"<p>Vara este anotimpul perfect pentru a-\u021bi exprima stilul, men\u021bin\u00e2nd \u00een acela\u0219i timp confortul. Cu \u021bes\u0103turile sale u\u0219oare \u0219i respirabile, inul a devenit unul dintre materialele cheie \u00een garderoba de var\u0103. Combinarea unui top de in cu pantaloni bleumarin nu numai c\u0103 creeaz\u0103 o siluet\u0103 elegant\u0103, dar \u00ee\u021bi permite \u0219i s\u0103 te bucuri de [\u2026]<\/p>","protected":false},"author":1,"featured_media":186,"comment_status":"closed","ping_status":"closed","sticky":false,"template":"","format":"standard","meta":{"_acf_changed":false,"footnotes":""},"categories":[1],"tags":[],"class_list":["post-216","post","type-post","status-publish","format-standard","has-post-thumbnail","hentry","category-blog"],"acf":[],"yoast_head":"<!-- This site is optimized with the Yoast SEO plugin v23.2 - https:\/\/yoast.com\/wordpress\/plugins\/seo\/ -->\n<title>Quel haut en lin choisir avec un pantalon bleu marine pour un \u00e9t\u00e9 frais et \u00e9l\u00e9gant ?<\/title>\n<meta name=\"description\" content=\"D\u00e9couvrez comment associer des hauts en lin avec un pantalon bleu marine pour des looks estivaux \u00e9l\u00e9gants et confortables.\" \/>\n<meta name=\"robots\" content=\"index, follow, max-snippet:-1, max-image-preview:large, max-video-preview:-1\" \/>\n<link rel=\"canonical\" href=\"https:\/\/baltnavyleaguecarlmlevin.org\/ro\/quel-haut-en-lin-avec-un-pantalon-bleu-marine-pour-un-ete-frais\/\" \/>\n<meta property=\"og:locale\" content=\"ro_RO\" \/>\n<meta property=\"og:type\" content=\"article\" \/>\n<meta property=\"og:title\" content=\"Quel haut en lin choisir avec un pantalon bleu marine pour un \u00e9t\u00e9 frais et \u00e9l\u00e9gant ?\" \/>\n<meta property=\"og:description\" content=\"D\u00e9couvrez comment associer des hauts en lin avec un pantalon bleu marine pour des looks estivaux \u00e9l\u00e9gants et confortables.\" \/>\n<meta property=\"og:url\" content=\"https:\/\/baltnavyleaguecarlmlevin.org\/ro\/quel-haut-en-lin-avec-un-pantalon-bleu-marine-pour-un-ete-frais\/\" \/>\n<meta property=\"og:site_name\" content=\"baltnavyleaguecarlmlevin.org\" \/>\n<meta property=\"article:published_time\" content=\"2025-04-15T23:00:00+00:00\" \/>\n<meta property=\"og:image\" content=\"https:\/\/baltnavyleaguecarlmlevin.org\/wp-content\/uploads\/2025\/04\/imaged7a8e30718004dbd95509bf80d9ec947.png\" \/>\n\t<meta property=\"og:image:width\" content=\"1024\" \/>\n\t<meta property=\"og:image:height\" content=\"768\" \/>\n\t<meta property=\"og:image:type\" content=\"image\/png\" \/>\n<meta name=\"author\" content=\"Jeanne Bellamy\" \/>\n<meta name=\"twitter:card\" content=\"summary_large_image\" \/>\n<meta name=\"twitter:label1\" content=\"Scris de\" \/>\n\t<meta name=\"twitter:data1\" content=\"Jeanne Bellamy\" \/>\n\t<meta name=\"twitter:label2\" content=\"Timp estimat pentru citire\" \/>\n\t<meta name=\"twitter:data2\" content=\"5 minute\" \/>\n<script type=\"application\/ld+json\" class=\"yoast-schema-graph\">{\"@context\":\"https:\/\/schema.org\",\"@graph\":[{\"@type\":\"WebPage\",\"@id\":\"https:\/\/baltnavyleaguecarlmlevin.org\/quel-haut-en-lin-avec-un-pantalon-bleu-marine-pour-un-ete-frais\/\",\"url\":\"https:\/\/baltnavyleaguecarlmlevin.org\/quel-haut-en-lin-avec-un-pantalon-bleu-marine-pour-un-ete-frais\/\",\"name\":\"Quel haut en lin choisir avec un pantalon bleu marine pour un \u00e9t\u00e9 frais et \u00e9l\u00e9gant ?\",\"isPartOf\":{\"@id\":\"https:\/\/baltnavyleaguecarlmlevin.org\/#website\"},\"primaryImageOfPage\":{\"@id\":\"https:\/\/baltnavyleaguecarlmlevin.org\/quel-haut-en-lin-avec-un-pantalon-bleu-marine-pour-un-ete-frais\/#primaryimage\"},\"image\":{\"@id\":\"https:\/\/baltnavyleaguecarlmlevin.org\/quel-haut-en-lin-avec-un-pantalon-bleu-marine-pour-un-ete-frais\/#primaryimage\"},\"thumbnailUrl\":\"https:\/\/baltnavyleaguecarlmlevin.org\/wp-content\/uploads\/2025\/04\/imaged7a8e30718004dbd95509bf80d9ec947.png\",\"datePublished\":\"2025-04-15T23:00:00+00:00\",\"dateModified\":\"2025-04-15T23:00:00+00:00\",\"author\":{\"@id\":\"https:\/\/baltnavyleaguecarlmlevin.org\/#\/schema\/person\/ac05b9d72f3a40c1d7239fe70f550071\"},\"description\":\"D\u00e9couvrez comment associer des hauts en lin avec un pantalon bleu marine pour des looks estivaux \u00e9l\u00e9gants et confortables.\",\"breadcrumb\":{\"@id\":\"https:\/\/baltnavyleaguecarlmlevin.org\/quel-haut-en-lin-avec-un-pantalon-bleu-marine-pour-un-ete-frais\/#breadcrumb\"},\"inLanguage\":\"ro-RO\",\"potentialAction\":[{\"@type\":\"ReadAction\",\"target\":[\"https:\/\/baltnavyleaguecarlmlevin.org\/quel-haut-en-lin-avec-un-pantalon-bleu-marine-pour-un-ete-frais\/\"]}]},{\"@type\":\"ImageObject\",\"inLanguage\":\"ro-RO\",\"@id\":\"https:\/\/baltnavyleaguecarlmlevin.org\/quel-haut-en-lin-avec-un-pantalon-bleu-marine-pour-un-ete-frais\/#primaryimage\",\"url\":\"https:\/\/baltnavyleaguecarlmlevin.org\/wp-content\/uploads\/2025\/04\/imaged7a8e30718004dbd95509bf80d9ec947.png\",\"contentUrl\":\"https:\/\/baltnavyleaguecarlmlevin.org\/wp-content\/uploads\/2025\/04\/imaged7a8e30718004dbd95509bf80d9ec947.png\",\"width\":1024,\"height\":768},{\"@type\":\"BreadcrumbList\",\"@id\":\"https:\/\/baltnavyleaguecarlmlevin.org\/quel-haut-en-lin-avec-un-pantalon-bleu-marine-pour-un-ete-frais\/#breadcrumb\",\"itemListElement\":[{\"@type\":\"ListItem\",\"position\":1,\"name\":\"Home\",\"item\":\"https:\/\/baltnavyleaguecarlmlevin.org\/\"},{\"@type\":\"ListItem\",\"position\":2,\"name\":\"Quel haut en lin avec un pantalon bleu marine pour un \u00e9t\u00e9 frais ?\"}]},{\"@type\":\"WebSite\",\"@id\":\"https:\/\/baltnavyleaguecarlmlevin.org\/#website\",\"url\":\"https:\/\/baltnavyleaguecarlmlevin.org\/\",\"name\":\"baltnavyleaguecarlmlevin.org\",\"description\":\"\u00c9l\u00e9gance et Mode: D\u00e9couvrez des looks modernes et conseils pour s\u2019habiller avec style\",\"potentialAction\":[{\"@type\":\"SearchAction\",\"target\":{\"@type\":\"EntryPoint\",\"urlTemplate\":\"https:\/\/baltnavyleaguecarlmlevin.org\/?s={search_term_string}\"},\"query-input\":\"required name=search_term_string\"}],\"inLanguage\":\"ro-RO\"},{\"@type\":\"Person\",\"@id\":\"https:\/\/baltnavyleaguecarlmlevin.org\/#\/schema\/person\/ac05b9d72f3a40c1d7239fe70f550071\",\"name\":\"Jeanne Bellamy\",\"image\":{\"@type\":\"ImageObject\",\"inLanguage\":\"ro-RO\",\"@id\":\"https:\/\/baltnavyleaguecarlmlevin.org\/#\/schema\/person\/image\/\",\"url\":\"https:\/\/baltnavyleaguecarlmlevin.org\/wp-content\/uploads\/2025\/01\/xyxvhxxfvq5_ad_avatar-96x96.jpg\",\"contentUrl\":\"https:\/\/baltnavyleaguecarlmlevin.org\/wp-content\/uploads\/2025\/01\/xyxvhxxfvq5_ad_avatar-96x96.jpg\",\"caption\":\"Jeanne Bellamy\"},\"description\":\"Je m'appelle Jeanne Bellamy, je suis une passionn\u00e9e de mode et d'\u00e9l\u00e9gance avec plus de dix ans d'exp\u00e9rience dans ce domaine. Je collabore avec des marques prestigieuses et participe \u00e0 des \u00e9v\u00e9nements renomm\u00e9s, en combinant cr\u00e9ativit\u00e9 et pr\u00e9cision dans mon travail. Mon approche m\u00eale modernit\u00e9 et respect des traditions, et je partage r\u00e9guli\u00e8rement mes connaissances et inspirations \u00e0 travers mes \u00e9crits. Pour toute question, consultation ou proposition de collaboration, n'h\u00e9sitez pas \u00e0 me contacter \u00e0 jeanne.bellamy@example.com.\",\"sameAs\":[\"http:\/\/slavno.net\"],\"url\":\"https:\/\/baltnavyleaguecarlmlevin.org\/ro\/author\/jeanne-bellamy\/\"}]}<\/script>\n<!-- \/ Yoast SEO plugin. -->","yoast_head_json":{"title":"Quel haut en lin choisir avec un pantalon bleu marine pour un \u00e9t\u00e9 frais et \u00e9l\u00e9gant ?","description":"D\u00e9couvrez comment associer des hauts en lin avec un pantalon bleu marine pour des looks estivaux \u00e9l\u00e9gants et confortables.","robots":{"index":"index","follow":"follow","max-snippet":"max-snippet:-1","max-image-preview":"max-image-preview:large","max-video-preview":"max-video-preview:-1"},"canonical":"https:\/\/baltnavyleaguecarlmlevin.org\/ro\/quel-haut-en-lin-avec-un-pantalon-bleu-marine-pour-un-ete-frais\/","og_locale":"ro_RO","og_type":"article","og_title":"Quel haut en lin choisir avec un pantalon bleu marine pour un \u00e9t\u00e9 frais et \u00e9l\u00e9gant ?","og_description":"D\u00e9couvrez comment associer des hauts en lin avec un pantalon bleu marine pour des looks estivaux \u00e9l\u00e9gants et confortables.","og_url":"https:\/\/baltnavyleaguecarlmlevin.org\/ro\/quel-haut-en-lin-avec-un-pantalon-bleu-marine-pour-un-ete-frais\/","og_site_name":"baltnavyleaguecarlmlevin.org","article_published_time":"2025-04-15T23:00:00+00:00","og_image":[{"width":1024,"height":768,"url":"https:\/\/baltnavyleaguecarlmlevin.org\/wp-content\/uploads\/2025\/04\/imaged7a8e30718004dbd95509bf80d9ec947.png","type":"image\/png"}],"author":"Jeanne Bellamy","twitter_card":"summary_large_image","twitter_misc":{"Scris de":"Jeanne Bellamy","Timp estimat pentru citire":"5 minute"},"schema":{"@context":"https:\/\/schema.org","@graph":[{"@type":"WebPage","@id":"https:\/\/baltnavyleaguecarlmlevin.org\/quel-haut-en-lin-avec-un-pantalon-bleu-marine-pour-un-ete-frais\/","url":"https:\/\/baltnavyleaguecarlmlevin.org\/quel-haut-en-lin-avec-un-pantalon-bleu-marine-pour-un-ete-frais\/","name":"Quel haut en lin choisir avec un pantalon bleu marine pour un \u00e9t\u00e9 frais et \u00e9l\u00e9gant ?","isPartOf":{"@id":"https:\/\/baltnavyleaguecarlmlevin.org\/#website"},"primaryImageOfPage":{"@id":"https:\/\/baltnavyleaguecarlmlevin.org\/quel-haut-en-lin-avec-un-pantalon-bleu-marine-pour-un-ete-frais\/#primaryimage"},"image":{"@id":"https:\/\/baltnavyleaguecarlmlevin.org\/quel-haut-en-lin-avec-un-pantalon-bleu-marine-pour-un-ete-frais\/#primaryimage"},"thumbnailUrl":"https:\/\/baltnavyleaguecarlmlevin.org\/wp-content\/uploads\/2025\/04\/imaged7a8e30718004dbd95509bf80d9ec947.png","datePublished":"2025-04-15T23:00:00+00:00","dateModified":"2025-04-15T23:00:00+00:00","author":{"@id":"https:\/\/baltnavyleaguecarlmlevin.org\/#\/schema\/person\/ac05b9d72f3a40c1d7239fe70f550071"},"description":"D\u00e9couvrez comment associer des hauts en lin avec un pantalon bleu marine pour des looks estivaux \u00e9l\u00e9gants et confortables.","breadcrumb":{"@id":"https:\/\/baltnavyleaguecarlmlevin.org\/quel-haut-en-lin-avec-un-pantalon-bleu-marine-pour-un-ete-frais\/#breadcrumb"},"inLanguage":"ro-RO","potentialAction":[{"@type":"ReadAction","target":["https:\/\/baltnavyleaguecarlmlevin.org\/quel-haut-en-lin-avec-un-pantalon-bleu-marine-pour-un-ete-frais\/"]}]},{"@type":"ImageObject","inLanguage":"ro-RO","@id":"https:\/\/baltnavyleaguecarlmlevin.org\/quel-haut-en-lin-avec-un-pantalon-bleu-marine-pour-un-ete-frais\/#primaryimage","url":"https:\/\/baltnavyleaguecarlmlevin.org\/wp-content\/uploads\/2025\/04\/imaged7a8e30718004dbd95509bf80d9ec947.png","contentUrl":"https:\/\/baltnavyleaguecarlmlevin.org\/wp-content\/uploads\/2025\/04\/imaged7a8e30718004dbd95509bf80d9ec947.png","width":1024,"height":768},{"@type":"BreadcrumbList","@id":"https:\/\/baltnavyleaguecarlmlevin.org\/quel-haut-en-lin-avec-un-pantalon-bleu-marine-pour-un-ete-frais\/#breadcrumb","itemListElement":[{"@type":"ListItem","position":1,"name":"Home","item":"https:\/\/baltnavyleaguecarlmlevin.org\/"},{"@type":"ListItem","position":2,"name":"Quel haut en lin avec un pantalon bleu marine pour un \u00e9t\u00e9 frais ?"}]},{"@type":"WebSite","@id":"https:\/\/baltnavyleaguecarlmlevin.org\/#website","url":"https:\/\/baltnavyleaguecarlmlevin.org\/","name":"baltnavyleaguecarlmlevin.org","description":"\u00c9l\u00e9gance et Mode: D\u00e9couvrez des looks modernes et conseils pour s\u2019habiller avec style","potentialAction":[{"@type":"SearchAction","target":{"@type":"EntryPoint","urlTemplate":"https:\/\/baltnavyleaguecarlmlevin.org\/?s={search_term_string}"},"query-input":"required name=search_term_string"}],"inLanguage":"ro-RO"},{"@type":"Person","@id":"https:\/\/baltnavyleaguecarlmlevin.org\/#\/schema\/person\/ac05b9d72f3a40c1d7239fe70f550071","name":"Jeanne Bellamy","image":{"@type":"ImageObject","inLanguage":"ro-RO","@id":"https:\/\/baltnavyleaguecarlmlevin.org\/#\/schema\/person\/image\/","url":"https:\/\/baltnavyleaguecarlmlevin.org\/wp-content\/uploads\/2025\/01\/xyxvhxxfvq5_ad_avatar-96x96.jpg","contentUrl":"https:\/\/baltnavyleaguecarlmlevin.org\/wp-content\/uploads\/2025\/01\/xyxvhxxfvq5_ad_avatar-96x96.jpg","caption":"Jeanne Bellamy"},"description":"Je m'appelle Jeanne Bellamy, je suis une passionn\u00e9e de mode et d'\u00e9l\u00e9gance avec plus de dix ans d'exp\u00e9rience dans ce domaine. Je collabore avec des marques prestigieuses et participe \u00e0 des \u00e9v\u00e9nements renomm\u00e9s, en combinant cr\u00e9ativit\u00e9 et pr\u00e9cision dans mon travail. Mon approche m\u00eale modernit\u00e9 et respect des traditions, et je partage r\u00e9guli\u00e8rement mes connaissances et inspirations \u00e0 travers mes \u00e9crits. Pour toute question, consultation ou proposition de collaboration, n'h\u00e9sitez pas \u00e0 me contacter \u00e0 jeanne.bellamy@example.com.","sameAs":["http:\/\/slavno.net"],"url":"https:\/\/baltnavyleaguecarlmlevin.org\/ro\/author\/jeanne-bellamy\/"}]}},"yoast_meta":{"yoast_wpseo_title":"","yoast_wpseo_metadesc":"","yoast_wpseo_canonical":"https:\/\/baltnavyleaguecarlmlevin.org\/ro\/wp-json\/wp\/v2\/posts\/216"},"_links":{"self":[{"href":"https:\/\/baltnavyleaguecarlmlevin.org\/ro\/wp-json\/wp\/v2\/posts\/216","targetHints":{"allow":["GET"]}}],"collection":[{"href":"https:\/\/baltnavyleaguecarlmlevin.org\/ro\/wp-json\/wp\/v2\/posts"}],"about":[{"href":"https:\/\/baltnavyleaguecarlmlevin.org\/ro\/wp-json\/wp\/v2\/types\/post"}],"author":[{"embeddable":true,"href":"https:\/\/baltnavyleaguecarlmlevin.org\/ro\/wp-json\/wp\/v2\/users\/1"}],"replies":[{"embeddable":true,"href":"https:\/\/baltnavyleaguecarlmlevin.org\/ro\/wp-json\/wp\/v2\/comments?post=216"}],"version-history":[{"count":1,"href":"https:\/\/baltnavyleaguecarlmlevin.org\/ro\/wp-json\/wp\/v2\/posts\/216\/revisions"}],"predecessor-version":[{"id":225,"href":"https:\/\/baltnavyleaguecarlmlevin.org\/ro\/wp-json\/wp\/v2\/posts\/216\/revisions\/225"}],"wp:featuredmedia":[{"embeddable":true,"href":"https:\/\/baltnavyleaguecarlmlevin.org\/ro\/wp-json\/wp\/v2\/media\/186"}],"wp:attachment":[{"href":"https:\/\/baltnavyleaguecarlmlevin.org\/ro\/wp-json\/wp\/v2\/media?parent=216"}],"wp:term":[{"taxonomy":"category","embeddable":true,"href":"https:\/\/baltnavyleaguecarlmlevin.org\/ro\/wp-json\/wp\/v2\/categories?post=216"},{"taxonomy":"post_tag","embeddable":true,"href":"https:\/\/baltnavyleaguecarlmlevin.org\/ro\/wp-json\/wp\/v2\/tags?post=216"}],"curies":[{"name":"wp","href":"https:\/\/api.w.org\/{rel}","templated":true}]}}