{"id":150,"date":"2025-03-19T00:00:00","date_gmt":"2025-03-19T00:00:00","guid":{"rendered":"https:\/\/baltnavyleaguecarlmlevin.org\/le-sac-ideal-a-porter-avec-une-robe-rouge\/"},"modified":"2025-04-02T14:31:59","modified_gmt":"2025-04-02T13:31:59","slug":"le-sac-ideal-a-porter-avec-une-robe-rouge","status":"publish","type":"post","link":"https:\/\/baltnavyleaguecarlmlevin.org\/ro\/le-sac-ideal-a-porter-avec-une-robe-rouge\/","title":{"rendered":"Geanta ideal\u0103 de purtat cu o rochie ro\u0219ie"},"content":{"rendered":"<div class=\"kk-star-ratings kksr-auto kksr-align-left kksr-valign-top\"\n    data-payload='{&quot;align&quot;:&quot;left&quot;,&quot;id&quot;:&quot;150&quot;,&quot;slug&quot;:&quot;default&quot;,&quot;valign&quot;:&quot;top&quot;,&quot;ignore&quot;:&quot;&quot;,&quot;reference&quot;:&quot;auto&quot;,&quot;class&quot;:&quot;&quot;,&quot;count&quot;:&quot;0&quot;,&quot;legendonly&quot;:&quot;&quot;,&quot;readonly&quot;:&quot;&quot;,&quot;score&quot;:&quot;0&quot;,&quot;starsonly&quot;:&quot;&quot;,&quot;best&quot;:&quot;5&quot;,&quot;gap&quot;:&quot;5&quot;,&quot;greet&quot;:&quot;Rate this post&quot;,&quot;legend&quot;:&quot;0\\\/5 - (0 votes)&quot;,&quot;size&quot;:&quot;24&quot;,&quot;title&quot;:&quot;Le sac id\u00e9al \u00e0 porter avec une robe rouge&quot;,&quot;width&quot;:&quot;0&quot;,&quot;_legend&quot;:&quot;{score}\\\/{best} - ({count} {votes})&quot;,&quot;font_factor&quot;:&quot;1.25&quot;}'>\n            \n<div class=\"kksr-stars\">\n    \n<div class=\"kksr-stars-inactive\">\n            <div class=\"kksr-star\" data-star=\"1\" style=\"padding-right: 5px\">\n            \n\n<div class=\"kksr-icon\" style=\"width: 24px; height: 24px;\"><\/div>\n        <\/div>\n            <div class=\"kksr-star\" data-star=\"2\" style=\"padding-right: 5px\">\n            \n\n<div class=\"kksr-icon\" style=\"width: 24px; height: 24px;\"><\/div>\n        <\/div>\n            <div class=\"kksr-star\" data-star=\"3\" style=\"padding-right: 5px\">\n            \n\n<div class=\"kksr-icon\" style=\"width: 24px; height: 24px;\"><\/div>\n        <\/div>\n            <div class=\"kksr-star\" data-star=\"4\" style=\"padding-right: 5px\">\n            \n\n<div class=\"kksr-icon\" style=\"width: 24px; height: 24px;\"><\/div>\n        <\/div>\n            <div class=\"kksr-star\" data-star=\"5\" style=\"padding-right: 5px\">\n            \n\n<div class=\"kksr-icon\" style=\"width: 24px; height: 24px;\"><\/div>\n        <\/div>\n    <\/div>\n    \n<div class=\"kksr-stars-active\" style=\"width: 0px;\">\n            <div class=\"kksr-star\" style=\"padding-right: 5px\">\n            \n\n<div class=\"kksr-icon\" style=\"width: 24px; height: 24px;\"><\/div>\n        <\/div>\n            <div class=\"kksr-star\" style=\"padding-right: 5px\">\n            \n\n<div class=\"kksr-icon\" style=\"width: 24px; height: 24px;\"><\/div>\n        <\/div>\n            <div class=\"kksr-star\" style=\"padding-right: 5px\">\n            \n\n<div class=\"kksr-icon\" style=\"width: 24px; height: 24px;\"><\/div>\n        <\/div>\n            <div class=\"kksr-star\" style=\"padding-right: 5px\">\n            \n\n<div class=\"kksr-icon\" style=\"width: 24px; height: 24px;\"><\/div>\n        <\/div>\n            <div class=\"kksr-star\" style=\"padding-right: 5px\">\n            \n\n<div class=\"kksr-icon\" style=\"width: 24px; height: 24px;\"><\/div>\n        <\/div>\n    <\/div>\n<\/div>\n                \n\n<div class=\"kksr-legend\" style=\"font-size: 19.2px;\">\n            <span class=\"kksr-muted\">Evalueaz\u0103 aceast\u0103 postare<\/span>\n    <\/div>\n    <\/div>\n<p> \u00cen lumea modei, modul \u00een care accesorizezi o \u021binut\u0103 poate schimba complet impresia pe care o la\u0219i \u00een urm\u0103. O rochie ro\u0219ie, simbol al pasiunii \u0219i \u00eencrederii, merit\u0103 s\u0103 fie pus\u0103 \u00een valoare cu o alegere atent\u0103 a gen\u021bii. \u00centr-adev\u0103r, geanta potrivit\u0103 poate transforma un look simplu \u00eentr-un ansamblu orbitor \u0219i memorabil. Acest articol examineaz\u0103 diferitele tipuri de gen\u021bi care se potrivesc perfect cu o rochie ro\u0219ie, \u021bin\u00e2nd cont de diverse ocazii \u0219i stiluri. Indiferent dac\u0103 participi la un eveniment formal sau petreci o zi lejer\u0103 \u00een ora\u0219, vei descoperi sfaturi valoroase despre accesorizarea perfect\u0103.<\/p>\n<p> Nu este vorba doar despre alegerea unei gen\u021bi frumoase; trebuie s\u0103 fie \u0219i practic\u0103 \u0219i s\u0103 se potriveasc\u0103 personalit\u0103\u021bii tale. Prin urmare, este esen\u021bial s\u0103 g\u0103se\u0219ti un echilibru \u00eentre stil \u0219i func\u021bionalitate. Mai mul\u021bi factori \u00ee\u021bi vor influen\u021ba alegerea, inclusiv culoarea, forma \u0219i materialul gen\u021bii. Hai s\u0103 explor\u0103m \u00eempreun\u0103 diferitele op\u021biuni, astfel \u00eenc\u00e2t aspectul t\u0103u cu o rochie ro\u0219ie s\u0103 fie \u00eentotdeauna perfect accentuat.<\/p>\n<h2>Diferite stiluri de gen\u021bi pentru asortat cu o rochie ro\u0219ie<\/h2>\n<p><img decoding=\"async\" alt=\"Une femme \u00e9l\u00e9gante en robe rouge se tient dans un lieu raffin\u00e9, entour\u00e9e de gens en arri\u00e8re-plan, sous de magnifiques lustres.\" src=\"https:\/\/baltnavyleaguecarlmlevin.org\/wp-content\/uploads\/2025\/03\/imagecf818bd54c8b4a3dba978ca95381f70c.png\"\/><\/p>\n<p>O alegere \u00een\u021beleapt\u0103 a gen\u021bii poate accentua elegan\u021ba \u0219i farmecul unei rochii ro\u0219ii. Iat\u0103 c\u00e2teva stiluri care se potrivesc deosebit de bine.<\/p>\n<h3>Gen\u021bi clasice<\/h3>\n<p> Gen\u021bile clasice sunt un must-have \u00een orice garderob\u0103. Adaug\u0103 o not\u0103 de elegan\u021b\u0103 \u0219i se potrivesc perfect cu o rochie ro\u0219ie. Opteaz\u0103 pentru culori neutre precum negru, bej sau alb. Acest lucru creeaz\u0103 un contrast sofisticat, permi\u021b\u00e2nd \u00een acela\u0219i timp rochiei s\u0103 fie piesa central\u0103 a \u021binutei tale. Modelele din piele sau piele ecologic\u0103 sunt ideale pentru un look \u0219ic. De asemenea, sunt durabile \u0219i pot fi purtate \u00eentr-o varietate de ocazii.<\/p>\n<h3>Gen\u021bi de um\u0103r<\/h3>\n<p> Gen\u021bile crossbody sunt o op\u021biune excelent\u0103 pentru un look casual \u0219i practic. Sunt perfecte pentru ie\u0219irile de zi cu zi, ad\u0103ug\u00e2nd \u00een acela\u0219i timp o not\u0103 de stil. Opteaz\u0103 pentru modele confec\u021bionate din piele moale sau materiale u\u0219oare, care confer\u0103 o not\u0103 casual. Acest tip de geant\u0103 \u00ee\u021bi permite, de asemenea, s\u0103 ai m\u00e2inile libere, ceea ce este ideal pentru a te deplasa prin mul\u021bime. \u00cen plus, pot fi adesea purtate crossbody pentru un look modern. Asigur\u0103-te c\u0103 alegi un model care se potrive\u0219te \u021binutei tale \u00een ceea ce prive\u0219te culoarea \u0219i designul.<\/p>\n<h3>Gen\u021bi de sear\u0103<\/h3>\n<p> Pentru ocazii elegante, o geant\u0103 de sear\u0103 str\u0103lucitoare sau din catifea poate \u00eembun\u0103t\u0103\u021bi aspectul rochiei tale ro\u0219ii. Aceste gen\u021bi adaug\u0103 o not\u0103 de glamour, ideale pentru evenimente formale. Ia \u00een considerare gen\u021bile \u00eempodobite cu paiete sau detalii aurii sau argintii pentru o not\u0103 rafinat\u0103. Gen\u021bile de sear\u0103 sunt adesea mai mici, fiind perfecte pentru a purta doar lucrurile esen\u021biale, cum ar fi c\u0103r\u021bile de credit \u0219i rujul. Nu te teme s\u0103 alegi o geant\u0103 \u00eentr-o culoare contrastant\u0103 pentru un efect izbitor. Aceasta poate fi un adev\u0103rat atu pentru declara\u021bia ta de stil.<\/p>\n<h2>Culori care se potrivesc bine cu ro\u0219ul<\/h2>\n<p><img decoding=\"async\" alt=\"Une femme souriante en robe rouge pose dans une rue anim\u00e9e, avec des passants flous en arri\u00e8re-plan.\" src=\"https:\/\/baltnavyleaguecarlmlevin.org\/wp-content\/uploads\/2025\/03\/imageb4d0891a4c6d4870988eefc4b5d891e9.png\"\/><\/p>\n<p>Culoarea gen\u021bii tale joac\u0103 un rol crucial \u00een armonizarea \u021binutei tale. Diferite nuan\u021be pot transforma complet aspectul \u021binutei tale.<\/p>\n<table border=\"1\">\n<tr>\n<th>Culoarea gen\u021bii<\/th>\n<th>Impactul asupra aspectului<\/th>\n<\/tr>\n<tr>\n<td>Negru<\/td>\n<td>Elegan\u021b\u0103 \u0219i rafinament<\/td>\n<\/tr>\n<tr>\n<td>Bej<\/td>\n<td>Moliciune \u0219i neutralitate<\/td>\n<\/tr>\n<tr>\n<td>Alb<\/td>\n<td>Prospe\u021bime \u0219i u\u0219urin\u021b\u0103<\/td>\n<\/tr>\n<tr>\n<td>Culori str\u0103lucitoare<\/td>\n<td>\u00cendr\u0103zneal\u0103 \u0219i personalitate<\/td>\n<\/tr>\n<\/table>\n<p> Gen\u021bile \u00een culori neutre precum negru, bej \u0219i alb se potrivesc u\u0219or cu o rochie ro\u0219ie, permi\u021b\u00e2nd rochiei s\u0103 r\u0103m\u00e2n\u0103 piesa central\u0103 a \u021binutei tale. Cu toate acestea, culorile \u00eendr\u0103zne\u021be pot, de asemenea, s\u0103 fac\u0103 o declara\u021bie puternic\u0103. Iat\u0103 c\u00e2teva sugestii:<\/p>\n<ul>\n<li><strong>Culori complementare<\/strong>G\u00e2nde\u0219te-te la gen\u021bi \u00een verde smarald sau albastru regal.<\/li>\n<li><strong>Motive<\/strong>O geant\u0103 cu imprimeu floral sau cu dungi poate ad\u0103uga caracter \u021binutei tale, cre\u00e2nd un contrast izbitor.<\/li>\n<li><strong>Detalii<\/strong>O geant\u0103 cu accente aurii sau argintii \u00ee\u021bi poate pune \u00een valoare rochia pentru un eveniment special.<\/li>\n<\/ul>\n<h2>Materialele de preferat<\/h2>\n<p>Alegerea materialului pentru geant\u0103 poate afecta, de asemenea, estetica general\u0103 a \u021binutei tale. Materiale diferite aduc vibra\u021bii diferite aspectului t\u0103u.<\/p>\n<h3>Piele<\/h3>\n<p> Gen\u021bile din piele sunt o op\u021biune atemporal\u0103 \u0219i rafinat\u0103. Acestea adaug\u0103 o not\u0103 de sofisticare care se potrive\u0219te perfect cu o rochie ro\u0219ie. Gen\u021bile din piele sunt, de asemenea, foarte durabile \u0219i pot fi purtate \u00eentr-o varietate de ocazii. Fie c\u0103 este vorba de serviciu sau de o ie\u0219ire \u00een ora\u0219, o geant\u0103 din piele este \u00eentotdeauna o alegere sigur\u0103. Este recomandabil s\u0103 alege\u021bi piele de bun\u0103 calitate, care va rezista testului timpului. \u00cen plus, aceste gen\u021bi sunt adesea disponibile \u00eentr-o varietate de culori, permi\u021b\u00e2ndu-v\u0103 s\u0103 le asorta\u021bi cu u\u0219urin\u021b\u0103 cu rochia.<\/p>\n<h3>Materiale u\u0219oare<\/h3>\n<p> Pentru zilele casual, ia \u00een considerare gen\u021bile din p\u00e2nz\u0103 sau iut\u0103. Aceste materiale adaug\u0103 o not\u0103 de lejeritate aspectului t\u0103u, ideale pentru un stil estival. Gen\u021bile din p\u00e2nz\u0103 sunt adesea u\u0219or de transportat \u0219i ofer\u0103 mai multe modele juc\u0103u\u0219e care pot completa rochia ta ro\u0219ie. Modelele din iut\u0103, pe de alt\u0103 parte, sunt perfecte pentru un look boem. Fii atent\u0103 la ocazie; acest tip de geant\u0103 s-ar putea s\u0103 nu fie potrivit\u0103 pentru evenimente formale. Cu toate acestea, sunt perfecte pentru o ie\u0219ire casual \u00een ora\u0219 sau o zi petrecut\u0103 la plaj\u0103.<\/p>\n<h2>Concluzie<\/h2>\n<p> Alegerea gen\u021bii perfecte de purtat cu o rochie ro\u0219ie implic\u0103 mai mul\u021bi factori: stil, culoare \u0219i material. Cu at\u00e2t de multe op\u021biuni disponibile, este esen\u021bial s\u0103 \u021bii cont de ocazie \u0219i de stilul t\u0103u personal. Alegerea potrivit\u0103 \u00ee\u021bi poate \u00eembun\u0103t\u0103\u021bi nu doar aspectul, ci \u0219i \u00eencrederea \u00een sine. Indiferent dac\u0103 optezi pentru o geant\u0103 clasic\u0103, o geant\u0103 crossbody sau o geant\u0103 de sear\u0103, important este ca aceasta s\u0103 reflecte personalitatea ta. Cu aceste sfaturi, e\u0219ti acum gata s\u0103 faci o impresie puternic\u0103 oriunde te duci.<\/p>\n<h2>\u00centreb\u0103ri frecvente<\/h2>\n<ul>\n<li><strong>Ce tip de geant\u0103 este cea mai potrivit\u0103 pentru o rochie ro\u0219ie pentru o ie\u0219ire \u00een ora\u0219?<\/strong> Opteaz\u0103 pentru o geant\u0103 de sear\u0103 elegant\u0103 din catifea sau cu paiete pentru o not\u0103 glamouroas\u0103.<\/li>\n<li><strong>Pot purta o geant\u0103 colorat\u0103 cu o rochie ro\u0219ie?<\/strong> Da, o geant\u0103 colorat\u0103 poate ad\u0103uga vibran\u021b\u0103 \u021binutei tale. Alege culori care se potrivesc cu ro\u0219ul.<\/li>\n<li><strong>Este potrivit s\u0103 por\u021bi o geant\u0103 de piele cu o rochie ro\u0219ie?<\/strong> Absolut, o geant\u0103 de piele bine aleas\u0103 poate ad\u0103uga o not\u0103 sofisticat\u0103 \u021binutei tale.<\/li>\n<li><strong>Ce accesorii pot completa o rochie ro\u0219ie cu o geant\u0103?<\/strong> Bijuteriile discrete sau o curea pot completa \u021binuta f\u0103r\u0103 a o aglomera.<\/li>\n<li><strong>Cum s\u0103 alegi m\u0103rimea gen\u021bii pe care s\u0103 o por\u021bi cu o rochie ro\u0219ie?<\/strong> Alege o m\u0103rime potrivit\u0103 ocaziei: o geant\u0103 mic\u0103 pentru sear\u0103, una medie pentru uz zilnic.<\/li>\n<\/ul>","protected":false},"excerpt":{"rendered":"<p>\u00cen lumea modei, modul \u00een care accesorizezi o \u021binut\u0103 poate schimba complet impresia pe care o la\u0219i \u00een urm\u0103. O rochie ro\u0219ie, simbol al pasiunii \u0219i \u00eencrederii, merit\u0103 s\u0103 fie pus\u0103 \u00een valoare cu o alegere atent\u0103 a gen\u021bii. \u00centr-adev\u0103r, geanta potrivit\u0103 poate transforma un simplu look \u00eentr-un [\u2026]<\/p>","protected":false},"author":2,"featured_media":137,"comment_status":"open","ping_status":"open","sticky":false,"template":"","format":"standard","meta":{"_acf_changed":false,"footnotes":""},"categories":[1],"tags":[],"class_list":["post-150","post","type-post","status-publish","format-standard","has-post-thumbnail","hentry","category-blog"],"acf":[],"yoast_head":"<!-- This site is optimized with the Yoast SEO plugin v23.2 - https:\/\/yoast.com\/wordpress\/plugins\/seo\/ -->\n<title>Le guide ultime pour choisir le sac id\u00e9al \u00e0 porter avec une robe rouge<\/title>\n<meta name=\"description\" content=\"D\u00e9couvrez comment assortir parfaitement votre robe rouge avec le sac id\u00e9al pour chaque occasion. Style, couleur et mat\u00e9riaux adapt\u00e9s!\" \/>\n<meta name=\"robots\" content=\"index, follow, max-snippet:-1, max-image-preview:large, max-video-preview:-1\" \/>\n<link rel=\"canonical\" href=\"https:\/\/baltnavyleaguecarlmlevin.org\/ro\/le-sac-ideal-a-porter-avec-une-robe-rouge\/\" \/>\n<meta property=\"og:locale\" content=\"ro_RO\" \/>\n<meta property=\"og:type\" content=\"article\" \/>\n<meta property=\"og:title\" content=\"Le guide ultime pour choisir le sac id\u00e9al \u00e0 porter avec une robe rouge\" \/>\n<meta property=\"og:description\" content=\"D\u00e9couvrez comment assortir parfaitement votre robe rouge avec le sac id\u00e9al pour chaque occasion. Style, couleur et mat\u00e9riaux adapt\u00e9s!\" \/>\n<meta property=\"og:url\" content=\"https:\/\/baltnavyleaguecarlmlevin.org\/ro\/le-sac-ideal-a-porter-avec-une-robe-rouge\/\" \/>\n<meta property=\"og:site_name\" content=\"baltnavyleaguecarlmlevin.org\" \/>\n<meta property=\"article:published_time\" content=\"2025-03-19T00:00:00+00:00\" \/>\n<meta property=\"article:modified_time\" content=\"2025-04-02T13:31:59+00:00\" \/>\n<meta property=\"og:image\" content=\"https:\/\/baltnavyleaguecarlmlevin.org\/wp-content\/uploads\/2025\/03\/imagef7a27c0bd42e4efe98f5f6d2d382097f.png\" \/>\n\t<meta property=\"og:image:width\" content=\"1024\" \/>\n\t<meta property=\"og:image:height\" content=\"768\" \/>\n\t<meta property=\"og:image:type\" content=\"image\/png\" \/>\n<meta name=\"author\" content=\"Ad\u00e8le Valois\" \/>\n<meta name=\"twitter:card\" content=\"summary_large_image\" \/>\n<meta name=\"twitter:label1\" content=\"Scris de\" \/>\n\t<meta name=\"twitter:data1\" content=\"Ad\u00e8le Valois\" \/>\n\t<meta name=\"twitter:label2\" content=\"Timp estimat pentru citire\" \/>\n\t<meta name=\"twitter:data2\" content=\"6 minute\" \/>\n<script type=\"application\/ld+json\" class=\"yoast-schema-graph\">{\"@context\":\"https:\/\/schema.org\",\"@graph\":[{\"@type\":\"WebPage\",\"@id\":\"https:\/\/baltnavyleaguecarlmlevin.org\/le-sac-ideal-a-porter-avec-une-robe-rouge\/\",\"url\":\"https:\/\/baltnavyleaguecarlmlevin.org\/le-sac-ideal-a-porter-avec-une-robe-rouge\/\",\"name\":\"Le guide ultime pour choisir le sac id\u00e9al \u00e0 porter avec une robe rouge\",\"isPartOf\":{\"@id\":\"https:\/\/baltnavyleaguecarlmlevin.org\/#website\"},\"primaryImageOfPage\":{\"@id\":\"https:\/\/baltnavyleaguecarlmlevin.org\/le-sac-ideal-a-porter-avec-une-robe-rouge\/#primaryimage\"},\"image\":{\"@id\":\"https:\/\/baltnavyleaguecarlmlevin.org\/le-sac-ideal-a-porter-avec-une-robe-rouge\/#primaryimage\"},\"thumbnailUrl\":\"https:\/\/baltnavyleaguecarlmlevin.org\/wp-content\/uploads\/2025\/03\/imagef7a27c0bd42e4efe98f5f6d2d382097f.png\",\"datePublished\":\"2025-03-19T00:00:00+00:00\",\"dateModified\":\"2025-04-02T13:31:59+00:00\",\"author\":{\"@id\":\"https:\/\/baltnavyleaguecarlmlevin.org\/#\/schema\/person\/ca79de6675a4eff683fdfac45ae84e32\"},\"description\":\"D\u00e9couvrez comment assortir parfaitement votre robe rouge avec le sac id\u00e9al pour chaque occasion. Style, couleur et mat\u00e9riaux adapt\u00e9s!\",\"breadcrumb\":{\"@id\":\"https:\/\/baltnavyleaguecarlmlevin.org\/le-sac-ideal-a-porter-avec-une-robe-rouge\/#breadcrumb\"},\"inLanguage\":\"ro-RO\",\"potentialAction\":[{\"@type\":\"ReadAction\",\"target\":[\"https:\/\/baltnavyleaguecarlmlevin.org\/le-sac-ideal-a-porter-avec-une-robe-rouge\/\"]}]},{\"@type\":\"ImageObject\",\"inLanguage\":\"ro-RO\",\"@id\":\"https:\/\/baltnavyleaguecarlmlevin.org\/le-sac-ideal-a-porter-avec-une-robe-rouge\/#primaryimage\",\"url\":\"https:\/\/baltnavyleaguecarlmlevin.org\/wp-content\/uploads\/2025\/03\/imagef7a27c0bd42e4efe98f5f6d2d382097f.png\",\"contentUrl\":\"https:\/\/baltnavyleaguecarlmlevin.org\/wp-content\/uploads\/2025\/03\/imagef7a27c0bd42e4efe98f5f6d2d382097f.png\",\"width\":1024,\"height\":768},{\"@type\":\"BreadcrumbList\",\"@id\":\"https:\/\/baltnavyleaguecarlmlevin.org\/le-sac-ideal-a-porter-avec-une-robe-rouge\/#breadcrumb\",\"itemListElement\":[{\"@type\":\"ListItem\",\"position\":1,\"name\":\"Home\",\"item\":\"https:\/\/baltnavyleaguecarlmlevin.org\/\"},{\"@type\":\"ListItem\",\"position\":2,\"name\":\"Le sac id\u00e9al \u00e0 porter avec une robe rouge\"}]},{\"@type\":\"WebSite\",\"@id\":\"https:\/\/baltnavyleaguecarlmlevin.org\/#website\",\"url\":\"https:\/\/baltnavyleaguecarlmlevin.org\/\",\"name\":\"baltnavyleaguecarlmlevin.org\",\"description\":\"\u00c9l\u00e9gance et Mode: D\u00e9couvrez des looks modernes et conseils pour s\u2019habiller avec style\",\"potentialAction\":[{\"@type\":\"SearchAction\",\"target\":{\"@type\":\"EntryPoint\",\"urlTemplate\":\"https:\/\/baltnavyleaguecarlmlevin.org\/?s={search_term_string}\"},\"query-input\":\"required name=search_term_string\"}],\"inLanguage\":\"ro-RO\"},{\"@type\":\"Person\",\"@id\":\"https:\/\/baltnavyleaguecarlmlevin.org\/#\/schema\/person\/ca79de6675a4eff683fdfac45ae84e32\",\"name\":\"Ad\u00e8le Valois\",\"image\":{\"@type\":\"ImageObject\",\"inLanguage\":\"ro-RO\",\"@id\":\"https:\/\/baltnavyleaguecarlmlevin.org\/#\/schema\/person\/image\/\",\"url\":\"https:\/\/baltnavyleaguecarlmlevin.org\/wp-content\/uploads\/2025\/01\/adele-valois_avatar-96x96.jpg\",\"contentUrl\":\"https:\/\/baltnavyleaguecarlmlevin.org\/wp-content\/uploads\/2025\/01\/adele-valois_avatar-96x96.jpg\",\"caption\":\"Ad\u00e8le Valois\"},\"description\":\"Je suis Ad\u00e8le Valois, analyste de tendances mode bas\u00e9e \u00e0 Lille. Sp\u00e9cialis\u00e9e dans la pr\u00e9vision des collections futures, j'ai d\u00e9velopp\u00e9 mon expertise au c\u0153ur de l'industrie textile du Nord de la France. Ma m\u00e9thodologie unique combine l'\u00e9tude des archives historiques avec l'analyse des mouvements sociaux contemporains. Je travaille \u00e9troitement avec les manufactures de Roubaix et les cr\u00e9ateurs \u00e9mergents, ce qui me permet de comprendre en profondeur les cycles de la mode.\",\"url\":\"https:\/\/baltnavyleaguecarlmlevin.org\/ro\/author\/adele-valois\/\"}]}<\/script>\n<!-- \/ Yoast SEO plugin. -->","yoast_head_json":{"title":"Le guide ultime pour choisir le sac id\u00e9al \u00e0 porter avec une robe rouge","description":"D\u00e9couvrez comment assortir parfaitement votre robe rouge avec le sac id\u00e9al pour chaque occasion. Style, couleur et mat\u00e9riaux adapt\u00e9s!","robots":{"index":"index","follow":"follow","max-snippet":"max-snippet:-1","max-image-preview":"max-image-preview:large","max-video-preview":"max-video-preview:-1"},"canonical":"https:\/\/baltnavyleaguecarlmlevin.org\/ro\/le-sac-ideal-a-porter-avec-une-robe-rouge\/","og_locale":"ro_RO","og_type":"article","og_title":"Le guide ultime pour choisir le sac id\u00e9al \u00e0 porter avec une robe rouge","og_description":"D\u00e9couvrez comment assortir parfaitement votre robe rouge avec le sac id\u00e9al pour chaque occasion. Style, couleur et mat\u00e9riaux adapt\u00e9s!","og_url":"https:\/\/baltnavyleaguecarlmlevin.org\/ro\/le-sac-ideal-a-porter-avec-une-robe-rouge\/","og_site_name":"baltnavyleaguecarlmlevin.org","article_published_time":"2025-03-19T00:00:00+00:00","article_modified_time":"2025-04-02T13:31:59+00:00","og_image":[{"width":1024,"height":768,"url":"https:\/\/baltnavyleaguecarlmlevin.org\/wp-content\/uploads\/2025\/03\/imagef7a27c0bd42e4efe98f5f6d2d382097f.png","type":"image\/png"}],"author":"Ad\u00e8le Valois","twitter_card":"summary_large_image","twitter_misc":{"Scris de":"Ad\u00e8le Valois","Timp estimat pentru citire":"6 minute"},"schema":{"@context":"https:\/\/schema.org","@graph":[{"@type":"WebPage","@id":"https:\/\/baltnavyleaguecarlmlevin.org\/le-sac-ideal-a-porter-avec-une-robe-rouge\/","url":"https:\/\/baltnavyleaguecarlmlevin.org\/le-sac-ideal-a-porter-avec-une-robe-rouge\/","name":"Le guide ultime pour choisir le sac id\u00e9al \u00e0 porter avec une robe rouge","isPartOf":{"@id":"https:\/\/baltnavyleaguecarlmlevin.org\/#website"},"primaryImageOfPage":{"@id":"https:\/\/baltnavyleaguecarlmlevin.org\/le-sac-ideal-a-porter-avec-une-robe-rouge\/#primaryimage"},"image":{"@id":"https:\/\/baltnavyleaguecarlmlevin.org\/le-sac-ideal-a-porter-avec-une-robe-rouge\/#primaryimage"},"thumbnailUrl":"https:\/\/baltnavyleaguecarlmlevin.org\/wp-content\/uploads\/2025\/03\/imagef7a27c0bd42e4efe98f5f6d2d382097f.png","datePublished":"2025-03-19T00:00:00+00:00","dateModified":"2025-04-02T13:31:59+00:00","author":{"@id":"https:\/\/baltnavyleaguecarlmlevin.org\/#\/schema\/person\/ca79de6675a4eff683fdfac45ae84e32"},"description":"D\u00e9couvrez comment assortir parfaitement votre robe rouge avec le sac id\u00e9al pour chaque occasion. Style, couleur et mat\u00e9riaux adapt\u00e9s!","breadcrumb":{"@id":"https:\/\/baltnavyleaguecarlmlevin.org\/le-sac-ideal-a-porter-avec-une-robe-rouge\/#breadcrumb"},"inLanguage":"ro-RO","potentialAction":[{"@type":"ReadAction","target":["https:\/\/baltnavyleaguecarlmlevin.org\/le-sac-ideal-a-porter-avec-une-robe-rouge\/"]}]},{"@type":"ImageObject","inLanguage":"ro-RO","@id":"https:\/\/baltnavyleaguecarlmlevin.org\/le-sac-ideal-a-porter-avec-une-robe-rouge\/#primaryimage","url":"https:\/\/baltnavyleaguecarlmlevin.org\/wp-content\/uploads\/2025\/03\/imagef7a27c0bd42e4efe98f5f6d2d382097f.png","contentUrl":"https:\/\/baltnavyleaguecarlmlevin.org\/wp-content\/uploads\/2025\/03\/imagef7a27c0bd42e4efe98f5f6d2d382097f.png","width":1024,"height":768},{"@type":"BreadcrumbList","@id":"https:\/\/baltnavyleaguecarlmlevin.org\/le-sac-ideal-a-porter-avec-une-robe-rouge\/#breadcrumb","itemListElement":[{"@type":"ListItem","position":1,"name":"Home","item":"https:\/\/baltnavyleaguecarlmlevin.org\/"},{"@type":"ListItem","position":2,"name":"Le sac id\u00e9al \u00e0 porter avec une robe rouge"}]},{"@type":"WebSite","@id":"https:\/\/baltnavyleaguecarlmlevin.org\/#website","url":"https:\/\/baltnavyleaguecarlmlevin.org\/","name":"baltnavyleaguecarlmlevin.org","description":"\u00c9l\u00e9gance et Mode: D\u00e9couvrez des looks modernes et conseils pour s\u2019habiller avec style","potentialAction":[{"@type":"SearchAction","target":{"@type":"EntryPoint","urlTemplate":"https:\/\/baltnavyleaguecarlmlevin.org\/?s={search_term_string}"},"query-input":"required name=search_term_string"}],"inLanguage":"ro-RO"},{"@type":"Person","@id":"https:\/\/baltnavyleaguecarlmlevin.org\/#\/schema\/person\/ca79de6675a4eff683fdfac45ae84e32","name":"Ad\u00e8le Valois","image":{"@type":"ImageObject","inLanguage":"ro-RO","@id":"https:\/\/baltnavyleaguecarlmlevin.org\/#\/schema\/person\/image\/","url":"https:\/\/baltnavyleaguecarlmlevin.org\/wp-content\/uploads\/2025\/01\/adele-valois_avatar-96x96.jpg","contentUrl":"https:\/\/baltnavyleaguecarlmlevin.org\/wp-content\/uploads\/2025\/01\/adele-valois_avatar-96x96.jpg","caption":"Ad\u00e8le Valois"},"description":"Je suis Ad\u00e8le Valois, analyste de tendances mode bas\u00e9e \u00e0 Lille. Sp\u00e9cialis\u00e9e dans la pr\u00e9vision des collections futures, j'ai d\u00e9velopp\u00e9 mon expertise au c\u0153ur de l'industrie textile du Nord de la France. Ma m\u00e9thodologie unique combine l'\u00e9tude des archives historiques avec l'analyse des mouvements sociaux contemporains. Je travaille \u00e9troitement avec les manufactures de Roubaix et les cr\u00e9ateurs \u00e9mergents, ce qui me permet de comprendre en profondeur les cycles de la mode.","url":"https:\/\/baltnavyleaguecarlmlevin.org\/ro\/author\/adele-valois\/"}]}},"yoast_meta":{"yoast_wpseo_title":"","yoast_wpseo_metadesc":"","yoast_wpseo_canonical":"https:\/\/baltnavyleaguecarlmlevin.org\/ro\/wp-json\/wp\/v2\/posts\/150"},"_links":{"self":[{"href":"https:\/\/baltnavyleaguecarlmlevin.org\/ro\/wp-json\/wp\/v2\/posts\/150","targetHints":{"allow":["GET"]}}],"collection":[{"href":"https:\/\/baltnavyleaguecarlmlevin.org\/ro\/wp-json\/wp\/v2\/posts"}],"about":[{"href":"https:\/\/baltnavyleaguecarlmlevin.org\/ro\/wp-json\/wp\/v2\/types\/post"}],"author":[{"embeddable":true,"href":"https:\/\/baltnavyleaguecarlmlevin.org\/ro\/wp-json\/wp\/v2\/users\/2"}],"replies":[{"embeddable":true,"href":"https:\/\/baltnavyleaguecarlmlevin.org\/ro\/wp-json\/wp\/v2\/comments?post=150"}],"version-history":[{"count":1,"href":"https:\/\/baltnavyleaguecarlmlevin.org\/ro\/wp-json\/wp\/v2\/posts\/150\/revisions"}],"predecessor-version":[{"id":166,"href":"https:\/\/baltnavyleaguecarlmlevin.org\/ro\/wp-json\/wp\/v2\/posts\/150\/revisions\/166"}],"wp:featuredmedia":[{"embeddable":true,"href":"https:\/\/baltnavyleaguecarlmlevin.org\/ro\/wp-json\/wp\/v2\/media\/137"}],"wp:attachment":[{"href":"https:\/\/baltnavyleaguecarlmlevin.org\/ro\/wp-json\/wp\/v2\/media?parent=150"}],"wp:term":[{"taxonomy":"category","embeddable":true,"href":"https:\/\/baltnavyleaguecarlmlevin.org\/ro\/wp-json\/wp\/v2\/categories?post=150"},{"taxonomy":"post_tag","embeddable":true,"href":"https:\/\/baltnavyleaguecarlmlevin.org\/ro\/wp-json\/wp\/v2\/tags?post=150"}],"curies":[{"name":"wp","href":"https:\/\/api.w.org\/{rel}","templated":true}]}}