{"id":144,"date":"2025-03-18T00:00:00","date_gmt":"2025-03-18T00:00:00","guid":{"rendered":"https:\/\/baltnavyleaguecarlmlevin.org\/le-collier-ras-de-cou-option-ideale-pour-les-robes-col-rond\/"},"modified":"2025-04-02T14:31:59","modified_gmt":"2025-04-02T13:31:59","slug":"le-collier-ras-de-cou-option-ideale-pour-les-robes-col-rond","status":"publish","type":"post","link":"https:\/\/baltnavyleaguecarlmlevin.org\/ro\/le-collier-ras-de-cou-option-ideale-pour-les-robes-col-rond\/","title":{"rendered":"Colierul choker: op\u021biunea ideal\u0103 pentru rochiile cu decolteu rotund"},"content":{"rendered":"<div class=\"kk-star-ratings kksr-auto kksr-align-left kksr-valign-top\"\n    data-payload='{&quot;align&quot;:&quot;left&quot;,&quot;id&quot;:&quot;144&quot;,&quot;slug&quot;:&quot;default&quot;,&quot;valign&quot;:&quot;top&quot;,&quot;ignore&quot;:&quot;&quot;,&quot;reference&quot;:&quot;auto&quot;,&quot;class&quot;:&quot;&quot;,&quot;count&quot;:&quot;0&quot;,&quot;legendonly&quot;:&quot;&quot;,&quot;readonly&quot;:&quot;&quot;,&quot;score&quot;:&quot;0&quot;,&quot;starsonly&quot;:&quot;&quot;,&quot;best&quot;:&quot;5&quot;,&quot;gap&quot;:&quot;5&quot;,&quot;greet&quot;:&quot;Rate this post&quot;,&quot;legend&quot;:&quot;0\\\/5 - (0 votes)&quot;,&quot;size&quot;:&quot;24&quot;,&quot;title&quot;:&quot;Le collier ras de cou: option id\u00e9ale pour les robes col rond&quot;,&quot;width&quot;:&quot;0&quot;,&quot;_legend&quot;:&quot;{score}\\\/{best} - ({count} {votes})&quot;,&quot;font_factor&quot;:&quot;1.25&quot;}'>\n            \n<div class=\"kksr-stars\">\n    \n<div class=\"kksr-stars-inactive\">\n            <div class=\"kksr-star\" data-star=\"1\" style=\"padding-right: 5px\">\n            \n\n<div class=\"kksr-icon\" style=\"width: 24px; height: 24px;\"><\/div>\n        <\/div>\n            <div class=\"kksr-star\" data-star=\"2\" style=\"padding-right: 5px\">\n            \n\n<div class=\"kksr-icon\" style=\"width: 24px; height: 24px;\"><\/div>\n        <\/div>\n            <div class=\"kksr-star\" data-star=\"3\" style=\"padding-right: 5px\">\n            \n\n<div class=\"kksr-icon\" style=\"width: 24px; height: 24px;\"><\/div>\n        <\/div>\n            <div class=\"kksr-star\" data-star=\"4\" style=\"padding-right: 5px\">\n            \n\n<div class=\"kksr-icon\" style=\"width: 24px; height: 24px;\"><\/div>\n        <\/div>\n            <div class=\"kksr-star\" data-star=\"5\" style=\"padding-right: 5px\">\n            \n\n<div class=\"kksr-icon\" style=\"width: 24px; height: 24px;\"><\/div>\n        <\/div>\n    <\/div>\n    \n<div class=\"kksr-stars-active\" style=\"width: 0px;\">\n            <div class=\"kksr-star\" style=\"padding-right: 5px\">\n            \n\n<div class=\"kksr-icon\" style=\"width: 24px; height: 24px;\"><\/div>\n        <\/div>\n            <div class=\"kksr-star\" style=\"padding-right: 5px\">\n            \n\n<div class=\"kksr-icon\" style=\"width: 24px; height: 24px;\"><\/div>\n        <\/div>\n            <div class=\"kksr-star\" style=\"padding-right: 5px\">\n            \n\n<div class=\"kksr-icon\" style=\"width: 24px; height: 24px;\"><\/div>\n        <\/div>\n            <div class=\"kksr-star\" style=\"padding-right: 5px\">\n            \n\n<div class=\"kksr-icon\" style=\"width: 24px; height: 24px;\"><\/div>\n        <\/div>\n            <div class=\"kksr-star\" style=\"padding-right: 5px\">\n            \n\n<div class=\"kksr-icon\" style=\"width: 24px; height: 24px;\"><\/div>\n        <\/div>\n    <\/div>\n<\/div>\n                \n\n<div class=\"kksr-legend\" style=\"font-size: 19.2px;\">\n            <span class=\"kksr-muted\">Evalueaz\u0103 aceast\u0103 postare<\/span>\n    <\/div>\n    <\/div>\n<p>\u00cen lumea dinamic\u0103 a modei, accesoriile au puterea de a transforma o \u021binut\u0103 simpl\u0103 \u00eentr-o adev\u0103rat\u0103 oper\u0103 de art\u0103. Printre aceste accesorii, colierul choker se remarc\u0103 ca o alegere preferat\u0103, mai ales atunci c\u00e2nd este asociat cu rochii cu decolteu rotund. Dac\u0103 sunte\u021bi \u00een c\u0103utarea unei note de elegan\u021b\u0103 care s\u0103 v\u0103 pun\u0103 \u00een valoare silueta, acest articol v\u0103 va ghida prin beneficiile opt\u0103rii pentru un colier choker atunci c\u00e2nd purta\u021bi acest tip de rochie. Indiferent de ocazie, fie c\u0103 este vorba de un eveniment festiv sau de o ie\u0219ire casual, colierul choker va face o declara\u021bie. Acesta atrage aten\u021bia asupra fe\u021bei \u0219i a g\u00e2tului, ad\u0103ug\u00e2nd o not\u0103 de exclusivitate stilului dumneavoastr\u0103. <\/p>\n<h2>Ce este un colier tip choker?<\/h2>\n<p><img decoding=\"async\" alt=\"Un haut blanc avec des volants, orn\u00e9 d'une cha\u00eene en m\u00e9tal, pos\u00e9 sur une table en bois. Fleurs floues en arri\u00e8re-plan.\" src=\"https:\/\/baltnavyleaguecarlmlevin.org\/wp-content\/uploads\/2025\/03\/image7338de3aa65b4b3ebb15a18d6f7e37d3.png\"\/><\/p>\n<p>Un colier choker, cunoscut \u0219i sub numele de \u201echoker\u201d, este un accesoriu care se ata\u0219eaz\u0103 direct \u00een jurul g\u00e2tului, cre\u00e2nd un aspect \u00eendr\u0103zne\u021b, dar elegant. Designul s\u0103u poate varia, incluz\u00e2nd materiale precum piele, metal sau chiar \u021bes\u0103turi delicate. Acest tip de colier nu doar \u00eencadreaz\u0103 fa\u021ba; \u00eel pune \u00een valoare, ad\u0103ug\u00e2nd \u00een acela\u0219i timp o not\u0103 artistic\u0103 \u021binutei tale. \u00cen plus, este disponibil \u00eentr-o multitudine de modele, de la minimalist la ornamentat, permi\u021b\u00e2nd fiec\u0103ruia s\u0103 g\u0103seasc\u0103 unul care se potrive\u0219te stilului s\u0103u personal. Chokerele sunt perfecte pentru a ad\u0103uga o not\u0103 de sofisticare unei variet\u0103\u021bi de stiluri, dar se potrivesc deosebit de bine cu rochii cu guler rotund. <\/p>\n<h2>De ce este potrivit un colier choker pentru rochiile cu decolteu rotund?<\/h2>\n<p><img decoding=\"async\" alt=\"Une femme \u00e9l\u00e9gante en robe noire, avec des manches volumineuses et des accessoires brillants, pose devant un fond neutre.\" src=\"https:\/\/baltnavyleaguecarlmlevin.org\/wp-content\/uploads\/2025\/03\/imagea3b59aba6aef4ac0bccac50de6ee48ca.png\"\/><\/p>\n<p>Rochiile cu guler rotund, cu decolteurile lor moi \u0219i curate, sunt fundalul perfect pentru o colier. Pe de o parte, aceasta din urm\u0103 accentueaz\u0103 contururile g\u00e2tului \u0219i decolteului, aduc\u00e2nd o elegan\u021b\u0103 subtil\u0103 aspectului t\u0103u. Pe de alt\u0103 parte, combina\u021bia lor creeaz\u0103 o armonie vizual\u0103 care atrage aten\u021bia \u0219i poate face cu adev\u0103rat diferen\u021ba. \u00cen plus, exist\u0103 o gam\u0103 larg\u0103 de stiluri de colier, permi\u021b\u00e2nd o versatilitate incredibil\u0103. Fie c\u0103 este vorba de un brunch cu prietenii sau de o gal\u0103 \u0219ic, cu siguran\u021b\u0103 vei g\u0103si colierul perfect pentru fiecare ocazie. \u00cen cele din urm\u0103, efectul contrastant dintre colier \u0219i rochia cu guler rotund adaug\u0103 o not\u0103 dinamic\u0103 \u021binutei, transform\u00e2nd o apari\u021bie simpl\u0103 \u00eentr-o declara\u021bie de mod\u0103 \u00eendr\u0103znea\u021b\u0103.<\/p>\n<h3>\u00cembun\u0103t\u0103\u021birea decolteului<\/h3>\n<p>Chokerul joac\u0103 un rol crucial \u00een eviden\u021bierea decolteului. Prin potrivirea delicat\u0103 \u00een jurul g\u00e2tului, atrage aten\u021bia asupra acestei zone, cre\u00e2nd o siluet\u0103 mai sub\u021bire. Aceast\u0103 pies\u0103 statement poate fi punctul central al \u021binutei tale, mai ales dac\u0103 optezi pentru un colier \u00eempodobit cu pietre sau modele elaborate. \u00cen plus, alegerea colierului poate reflecta, de asemenea, personalitatea \u0219i stilul t\u0103u. Ia \u00een considerare choker-urile delicate pentru un aspect sofisticat sau modele mai \u00eendr\u0103zne\u021be pentru un efect dramatic. Indiferent de alegerea ta, rezultatul va fi \u00eentotdeauna o \u021binut\u0103 elegant\u0103 \u0219i armonioas\u0103.<\/p>\n<h3>Cum s\u0103 alegi colierul choker potrivit?<\/h3>\n<p>Alegerea unui colier tip choker poate p\u0103rea descurajant\u0103, dar c\u00e2teva sfaturi practice v\u0103 pot ajuta. Este esen\u021bial s\u0103 lua\u021bi \u00een considerare culoarea \u0219i materialul colierului, astfel \u00eenc\u00e2t acesta s\u0103 se potriveasc\u0103 cu rochia dumneavoastr\u0103. Iat\u0103 c\u00e2teva lucruri de luat \u00een considerare:<\/p>\n<ul>\n<li><strong>Culoare \u0219i material:<\/strong> Asigur\u0103-te c\u0103 culorile \u0219i materialele colierului se potrivesc cu cele ale rochiei tale pentru un aspect armonios.<\/li>\n<li><strong>M\u0103rime \u0219i potrivire:<\/strong> Alege o m\u0103rime care nu \u00ee\u021bi restric\u021bioneaz\u0103 mi\u0219c\u0103rile \u0219i se potrive\u0219te cu forma g\u00e2tului t\u0103u.<\/li>\n<li><strong>Ocazie:<\/strong> Alege un stil de colier potrivit \u00een func\u021bie de evenimentul la care por\u021bi rochia.<\/li>\n<\/ul>\n<h2>Tendin\u021be actuale \u00een materie de coliere tip choker<\/h2>\n<p>Pentru a ie\u0219i \u00een eviden\u021b\u0103 \u00een lumea modei, este important s\u0103 fii la curent cu cele mai recente tendin\u021be. \u00cen prezent, mai multe stiluri de coliere choker capteaz\u0103 aten\u021bia fashionistelor:<\/p>\n<table border=\"1\">\n<tr>\n<th>Stilul colierului<\/th>\n<th>Caracteristici<\/th>\n<\/tr>\n<tr>\n<td>Coliere minimaliste<\/td>\n<td>Sub\u021biri \u0219i elegante, se potrivesc cu u\u0219urin\u021b\u0103 la multe \u021binute.<\/td>\n<\/tr>\n<tr>\n<td>Coliere de perle<\/td>\n<td>Ad\u0103uga\u021bi o not\u0103 elegant\u0103 \u0219i atemporal\u0103.<\/td>\n<\/tr>\n<tr>\n<td>Coliere \u00eendr\u0103zne\u021be<\/td>\n<td>Culori vibrante \u0219i materiale inovatoare pentru o declara\u021bie de mod\u0103.<\/td>\n<\/tr>\n<\/table>\n<p>Aceste stiluri se remarc\u0103 prin capacitatea lor de a se adapta la multiple tipuri de rochii cu guler rotund, eviden\u021biind \u00een acela\u0219i timp personalitatea purt\u0103toarei. Indiferent de alegerea ta, un lucru este sigur: colierul choker a revenit \u00een for\u021b\u0103 pe podiumuri \u0219i \u00een garderobe.<\/p>\n<h2>Concluzie<\/h2>\n<p>Optarea pentru un colier choker cu o rochie cu guler rotund este o alegere inteligent\u0103 care combin\u0103 estetica \u0219i stilul practic. Sinergia dintre aceste dou\u0103 elemente \u00ee\u021bi permite s\u0103 creezi un look sublim, potrivit pentru orice ocazie. Fie c\u0103 alegi un design minimalist sau \u00eendr\u0103zne\u021b, este imperativ s\u0103 te asiguri c\u0103 colierul completeaz\u0103 restul \u021binutei tale. Juc\u00e2ndu-te cu culorile \u0219i materialele, po\u021bi crea cu u\u0219urin\u021b\u0103 un ansamblu care s\u0103 reflecte personalitatea ta unic\u0103. Nu uita c\u0103 moda este mai presus de toate o modalitate de a exprima cine e\u0219ti, a\u0219a c\u0103 nu ezita s\u0103 alegi colierul care te motiveaz\u0103!<\/p>\n<h2>\u00centreb\u0103ri frecvente<\/h2>\n<ul>\n<li><strong>De ce s\u0103 alegi un colier choker pentru o rochie cu decolteu rotund?<\/strong> Colierul choker pune \u00een eviden\u021b\u0103 g\u00e2tul \u0219i decolteul, cre\u00e2nd un echilibru estetic perfect cu forma rotunjit\u0103 a rochiei.<\/li>\n<li><strong>Ce materiale sunt recomandate pentru un colier tip choker?<\/strong> Printre materialele populare se num\u0103r\u0103 pielea, satinul \u0219i metalele. Alege\u021bi \u00een func\u021bie de stilul dumneavoastr\u0103 personal.<\/li>\n<li><strong>Cum s\u0103 combini un colier tip choker cu alte bijuterii?<\/strong> Pentru un aspect uniform, evit\u0103 s\u0103-\u021bi aglomerezi g\u00e2tul cu mai multe coliere. Opteaz\u0103 pentru cercei sau br\u0103\u021b\u0103ri asortate pentru a completa ansamblul.<\/li>\n<li><strong>Care este cea mai bun\u0103 ocazie pentru a purta un colier choker cu o rochie cu decolteu rotund?<\/strong> Aceste coliere sunt versatile \u0219i pot fi purtate at\u00e2t la evenimente formale, c\u00e2t \u0219i la ie\u0219iri casual.<\/li>\n<\/ul>","protected":false},"excerpt":{"rendered":"<p>\u00cen lumea dinamic\u0103 a modei, accesoriile au puterea de a transforma o \u021binut\u0103 simpl\u0103 \u00eentr-o adev\u0103rat\u0103 oper\u0103 de art\u0103. Printre aceste accesorii, colierul choker se remarc\u0103 ca o alegere preferat\u0103, mai ales atunci c\u00e2nd este asortat cu rochii cu guler rotund. Dac\u0103 sunte\u021bi \u00een c\u0103utarea unei atingeri de elegan\u021b\u0103 care [\u2026]<\/p>","protected":false},"author":2,"featured_media":141,"comment_status":"open","ping_status":"open","sticky":false,"template":"","format":"standard","meta":{"_acf_changed":false,"footnotes":""},"categories":[1],"tags":[],"class_list":["post-144","post","type-post","status-publish","format-standard","has-post-thumbnail","hentry","category-blog"],"acf":[],"yoast_head":"<!-- This site is optimized with the Yoast SEO plugin v23.2 - https:\/\/yoast.com\/wordpress\/plugins\/seo\/ -->\n<title>Le collier ras de cou : l&#039;accessoire parfait pour sublimer vos robes col rond<\/title>\n<meta name=\"description\" content=\"D\u00e9couvrez comment le collier ras de cou peut rehausser vos robes \u00e0 col rond, ajoutant \u00e9l\u00e9gance et caract\u00e8re \u00e0 votre style.\" \/>\n<meta name=\"robots\" content=\"index, follow, max-snippet:-1, max-image-preview:large, max-video-preview:-1\" \/>\n<link rel=\"canonical\" href=\"https:\/\/baltnavyleaguecarlmlevin.org\/ro\/le-collier-ras-de-cou-option-ideale-pour-les-robes-col-rond\/\" \/>\n<meta property=\"og:locale\" content=\"ro_RO\" \/>\n<meta property=\"og:type\" content=\"article\" \/>\n<meta property=\"og:title\" content=\"Le collier ras de cou : l&#039;accessoire parfait pour sublimer vos robes col rond\" \/>\n<meta property=\"og:description\" content=\"D\u00e9couvrez comment le collier ras de cou peut rehausser vos robes \u00e0 col rond, ajoutant \u00e9l\u00e9gance et caract\u00e8re \u00e0 votre style.\" \/>\n<meta property=\"og:url\" content=\"https:\/\/baltnavyleaguecarlmlevin.org\/ro\/le-collier-ras-de-cou-option-ideale-pour-les-robes-col-rond\/\" \/>\n<meta property=\"og:site_name\" content=\"baltnavyleaguecarlmlevin.org\" \/>\n<meta property=\"article:published_time\" content=\"2025-03-18T00:00:00+00:00\" \/>\n<meta property=\"article:modified_time\" content=\"2025-04-02T13:31:59+00:00\" \/>\n<meta property=\"og:image\" content=\"https:\/\/baltnavyleaguecarlmlevin.org\/wp-content\/uploads\/2025\/03\/imagedab1a6816a2d4f89bd437a47d4214964.png\" \/>\n\t<meta property=\"og:image:width\" content=\"1024\" \/>\n\t<meta property=\"og:image:height\" content=\"768\" \/>\n\t<meta property=\"og:image:type\" content=\"image\/png\" \/>\n<meta name=\"author\" content=\"Ad\u00e8le Valois\" \/>\n<meta name=\"twitter:card\" content=\"summary_large_image\" \/>\n<meta name=\"twitter:label1\" content=\"Scris de\" \/>\n\t<meta name=\"twitter:data1\" content=\"Ad\u00e8le Valois\" \/>\n\t<meta name=\"twitter:label2\" content=\"Timp estimat pentru citire\" \/>\n\t<meta name=\"twitter:data2\" content=\"5 minute\" \/>\n<script type=\"application\/ld+json\" class=\"yoast-schema-graph\">{\"@context\":\"https:\/\/schema.org\",\"@graph\":[{\"@type\":\"WebPage\",\"@id\":\"https:\/\/baltnavyleaguecarlmlevin.org\/le-collier-ras-de-cou-option-ideale-pour-les-robes-col-rond\/\",\"url\":\"https:\/\/baltnavyleaguecarlmlevin.org\/le-collier-ras-de-cou-option-ideale-pour-les-robes-col-rond\/\",\"name\":\"Le collier ras de cou : l'accessoire parfait pour sublimer vos robes col rond\",\"isPartOf\":{\"@id\":\"https:\/\/baltnavyleaguecarlmlevin.org\/#website\"},\"primaryImageOfPage\":{\"@id\":\"https:\/\/baltnavyleaguecarlmlevin.org\/le-collier-ras-de-cou-option-ideale-pour-les-robes-col-rond\/#primaryimage\"},\"image\":{\"@id\":\"https:\/\/baltnavyleaguecarlmlevin.org\/le-collier-ras-de-cou-option-ideale-pour-les-robes-col-rond\/#primaryimage\"},\"thumbnailUrl\":\"https:\/\/baltnavyleaguecarlmlevin.org\/wp-content\/uploads\/2025\/03\/imagedab1a6816a2d4f89bd437a47d4214964.png\",\"datePublished\":\"2025-03-18T00:00:00+00:00\",\"dateModified\":\"2025-04-02T13:31:59+00:00\",\"author\":{\"@id\":\"https:\/\/baltnavyleaguecarlmlevin.org\/#\/schema\/person\/ca79de6675a4eff683fdfac45ae84e32\"},\"description\":\"D\u00e9couvrez comment le collier ras de cou peut rehausser vos robes \u00e0 col rond, ajoutant \u00e9l\u00e9gance et caract\u00e8re \u00e0 votre style.\",\"breadcrumb\":{\"@id\":\"https:\/\/baltnavyleaguecarlmlevin.org\/le-collier-ras-de-cou-option-ideale-pour-les-robes-col-rond\/#breadcrumb\"},\"inLanguage\":\"ro-RO\",\"potentialAction\":[{\"@type\":\"ReadAction\",\"target\":[\"https:\/\/baltnavyleaguecarlmlevin.org\/le-collier-ras-de-cou-option-ideale-pour-les-robes-col-rond\/\"]}]},{\"@type\":\"ImageObject\",\"inLanguage\":\"ro-RO\",\"@id\":\"https:\/\/baltnavyleaguecarlmlevin.org\/le-collier-ras-de-cou-option-ideale-pour-les-robes-col-rond\/#primaryimage\",\"url\":\"https:\/\/baltnavyleaguecarlmlevin.org\/wp-content\/uploads\/2025\/03\/imagedab1a6816a2d4f89bd437a47d4214964.png\",\"contentUrl\":\"https:\/\/baltnavyleaguecarlmlevin.org\/wp-content\/uploads\/2025\/03\/imagedab1a6816a2d4f89bd437a47d4214964.png\",\"width\":1024,\"height\":768},{\"@type\":\"BreadcrumbList\",\"@id\":\"https:\/\/baltnavyleaguecarlmlevin.org\/le-collier-ras-de-cou-option-ideale-pour-les-robes-col-rond\/#breadcrumb\",\"itemListElement\":[{\"@type\":\"ListItem\",\"position\":1,\"name\":\"Home\",\"item\":\"https:\/\/baltnavyleaguecarlmlevin.org\/\"},{\"@type\":\"ListItem\",\"position\":2,\"name\":\"Le collier ras de cou: option id\u00e9ale pour les robes col rond\"}]},{\"@type\":\"WebSite\",\"@id\":\"https:\/\/baltnavyleaguecarlmlevin.org\/#website\",\"url\":\"https:\/\/baltnavyleaguecarlmlevin.org\/\",\"name\":\"baltnavyleaguecarlmlevin.org\",\"description\":\"\u00c9l\u00e9gance et Mode: D\u00e9couvrez des looks modernes et conseils pour s\u2019habiller avec style\",\"potentialAction\":[{\"@type\":\"SearchAction\",\"target\":{\"@type\":\"EntryPoint\",\"urlTemplate\":\"https:\/\/baltnavyleaguecarlmlevin.org\/?s={search_term_string}\"},\"query-input\":\"required name=search_term_string\"}],\"inLanguage\":\"ro-RO\"},{\"@type\":\"Person\",\"@id\":\"https:\/\/baltnavyleaguecarlmlevin.org\/#\/schema\/person\/ca79de6675a4eff683fdfac45ae84e32\",\"name\":\"Ad\u00e8le Valois\",\"image\":{\"@type\":\"ImageObject\",\"inLanguage\":\"ro-RO\",\"@id\":\"https:\/\/baltnavyleaguecarlmlevin.org\/#\/schema\/person\/image\/\",\"url\":\"https:\/\/baltnavyleaguecarlmlevin.org\/wp-content\/uploads\/2025\/01\/adele-valois_avatar-96x96.jpg\",\"contentUrl\":\"https:\/\/baltnavyleaguecarlmlevin.org\/wp-content\/uploads\/2025\/01\/adele-valois_avatar-96x96.jpg\",\"caption\":\"Ad\u00e8le Valois\"},\"description\":\"Je suis Ad\u00e8le Valois, analyste de tendances mode bas\u00e9e \u00e0 Lille. Sp\u00e9cialis\u00e9e dans la pr\u00e9vision des collections futures, j'ai d\u00e9velopp\u00e9 mon expertise au c\u0153ur de l'industrie textile du Nord de la France. Ma m\u00e9thodologie unique combine l'\u00e9tude des archives historiques avec l'analyse des mouvements sociaux contemporains. Je travaille \u00e9troitement avec les manufactures de Roubaix et les cr\u00e9ateurs \u00e9mergents, ce qui me permet de comprendre en profondeur les cycles de la mode.\",\"url\":\"https:\/\/baltnavyleaguecarlmlevin.org\/ro\/author\/adele-valois\/\"}]}<\/script>\n<!-- \/ Yoast SEO plugin. -->","yoast_head_json":{"title":"Le collier ras de cou : l'accessoire parfait pour sublimer vos robes col rond","description":"D\u00e9couvrez comment le collier ras de cou peut rehausser vos robes \u00e0 col rond, ajoutant \u00e9l\u00e9gance et caract\u00e8re \u00e0 votre style.","robots":{"index":"index","follow":"follow","max-snippet":"max-snippet:-1","max-image-preview":"max-image-preview:large","max-video-preview":"max-video-preview:-1"},"canonical":"https:\/\/baltnavyleaguecarlmlevin.org\/ro\/le-collier-ras-de-cou-option-ideale-pour-les-robes-col-rond\/","og_locale":"ro_RO","og_type":"article","og_title":"Le collier ras de cou : l'accessoire parfait pour sublimer vos robes col rond","og_description":"D\u00e9couvrez comment le collier ras de cou peut rehausser vos robes \u00e0 col rond, ajoutant \u00e9l\u00e9gance et caract\u00e8re \u00e0 votre style.","og_url":"https:\/\/baltnavyleaguecarlmlevin.org\/ro\/le-collier-ras-de-cou-option-ideale-pour-les-robes-col-rond\/","og_site_name":"baltnavyleaguecarlmlevin.org","article_published_time":"2025-03-18T00:00:00+00:00","article_modified_time":"2025-04-02T13:31:59+00:00","og_image":[{"width":1024,"height":768,"url":"https:\/\/baltnavyleaguecarlmlevin.org\/wp-content\/uploads\/2025\/03\/imagedab1a6816a2d4f89bd437a47d4214964.png","type":"image\/png"}],"author":"Ad\u00e8le Valois","twitter_card":"summary_large_image","twitter_misc":{"Scris de":"Ad\u00e8le Valois","Timp estimat pentru citire":"5 minute"},"schema":{"@context":"https:\/\/schema.org","@graph":[{"@type":"WebPage","@id":"https:\/\/baltnavyleaguecarlmlevin.org\/le-collier-ras-de-cou-option-ideale-pour-les-robes-col-rond\/","url":"https:\/\/baltnavyleaguecarlmlevin.org\/le-collier-ras-de-cou-option-ideale-pour-les-robes-col-rond\/","name":"Le collier ras de cou : l'accessoire parfait pour sublimer vos robes col rond","isPartOf":{"@id":"https:\/\/baltnavyleaguecarlmlevin.org\/#website"},"primaryImageOfPage":{"@id":"https:\/\/baltnavyleaguecarlmlevin.org\/le-collier-ras-de-cou-option-ideale-pour-les-robes-col-rond\/#primaryimage"},"image":{"@id":"https:\/\/baltnavyleaguecarlmlevin.org\/le-collier-ras-de-cou-option-ideale-pour-les-robes-col-rond\/#primaryimage"},"thumbnailUrl":"https:\/\/baltnavyleaguecarlmlevin.org\/wp-content\/uploads\/2025\/03\/imagedab1a6816a2d4f89bd437a47d4214964.png","datePublished":"2025-03-18T00:00:00+00:00","dateModified":"2025-04-02T13:31:59+00:00","author":{"@id":"https:\/\/baltnavyleaguecarlmlevin.org\/#\/schema\/person\/ca79de6675a4eff683fdfac45ae84e32"},"description":"D\u00e9couvrez comment le collier ras de cou peut rehausser vos robes \u00e0 col rond, ajoutant \u00e9l\u00e9gance et caract\u00e8re \u00e0 votre style.","breadcrumb":{"@id":"https:\/\/baltnavyleaguecarlmlevin.org\/le-collier-ras-de-cou-option-ideale-pour-les-robes-col-rond\/#breadcrumb"},"inLanguage":"ro-RO","potentialAction":[{"@type":"ReadAction","target":["https:\/\/baltnavyleaguecarlmlevin.org\/le-collier-ras-de-cou-option-ideale-pour-les-robes-col-rond\/"]}]},{"@type":"ImageObject","inLanguage":"ro-RO","@id":"https:\/\/baltnavyleaguecarlmlevin.org\/le-collier-ras-de-cou-option-ideale-pour-les-robes-col-rond\/#primaryimage","url":"https:\/\/baltnavyleaguecarlmlevin.org\/wp-content\/uploads\/2025\/03\/imagedab1a6816a2d4f89bd437a47d4214964.png","contentUrl":"https:\/\/baltnavyleaguecarlmlevin.org\/wp-content\/uploads\/2025\/03\/imagedab1a6816a2d4f89bd437a47d4214964.png","width":1024,"height":768},{"@type":"BreadcrumbList","@id":"https:\/\/baltnavyleaguecarlmlevin.org\/le-collier-ras-de-cou-option-ideale-pour-les-robes-col-rond\/#breadcrumb","itemListElement":[{"@type":"ListItem","position":1,"name":"Home","item":"https:\/\/baltnavyleaguecarlmlevin.org\/"},{"@type":"ListItem","position":2,"name":"Le collier ras de cou: option id\u00e9ale pour les robes col rond"}]},{"@type":"WebSite","@id":"https:\/\/baltnavyleaguecarlmlevin.org\/#website","url":"https:\/\/baltnavyleaguecarlmlevin.org\/","name":"baltnavyleaguecarlmlevin.org","description":"\u00c9l\u00e9gance et Mode: D\u00e9couvrez des looks modernes et conseils pour s\u2019habiller avec style","potentialAction":[{"@type":"SearchAction","target":{"@type":"EntryPoint","urlTemplate":"https:\/\/baltnavyleaguecarlmlevin.org\/?s={search_term_string}"},"query-input":"required name=search_term_string"}],"inLanguage":"ro-RO"},{"@type":"Person","@id":"https:\/\/baltnavyleaguecarlmlevin.org\/#\/schema\/person\/ca79de6675a4eff683fdfac45ae84e32","name":"Ad\u00e8le Valois","image":{"@type":"ImageObject","inLanguage":"ro-RO","@id":"https:\/\/baltnavyleaguecarlmlevin.org\/#\/schema\/person\/image\/","url":"https:\/\/baltnavyleaguecarlmlevin.org\/wp-content\/uploads\/2025\/01\/adele-valois_avatar-96x96.jpg","contentUrl":"https:\/\/baltnavyleaguecarlmlevin.org\/wp-content\/uploads\/2025\/01\/adele-valois_avatar-96x96.jpg","caption":"Ad\u00e8le Valois"},"description":"Je suis Ad\u00e8le Valois, analyste de tendances mode bas\u00e9e \u00e0 Lille. Sp\u00e9cialis\u00e9e dans la pr\u00e9vision des collections futures, j'ai d\u00e9velopp\u00e9 mon expertise au c\u0153ur de l'industrie textile du Nord de la France. Ma m\u00e9thodologie unique combine l'\u00e9tude des archives historiques avec l'analyse des mouvements sociaux contemporains. Je travaille \u00e9troitement avec les manufactures de Roubaix et les cr\u00e9ateurs \u00e9mergents, ce qui me permet de comprendre en profondeur les cycles de la mode.","url":"https:\/\/baltnavyleaguecarlmlevin.org\/ro\/author\/adele-valois\/"}]}},"yoast_meta":{"yoast_wpseo_title":"","yoast_wpseo_metadesc":"","yoast_wpseo_canonical":"https:\/\/baltnavyleaguecarlmlevin.org\/ro\/wp-json\/wp\/v2\/posts\/144"},"_links":{"self":[{"href":"https:\/\/baltnavyleaguecarlmlevin.org\/ro\/wp-json\/wp\/v2\/posts\/144","targetHints":{"allow":["GET"]}}],"collection":[{"href":"https:\/\/baltnavyleaguecarlmlevin.org\/ro\/wp-json\/wp\/v2\/posts"}],"about":[{"href":"https:\/\/baltnavyleaguecarlmlevin.org\/ro\/wp-json\/wp\/v2\/types\/post"}],"author":[{"embeddable":true,"href":"https:\/\/baltnavyleaguecarlmlevin.org\/ro\/wp-json\/wp\/v2\/users\/2"}],"replies":[{"embeddable":true,"href":"https:\/\/baltnavyleaguecarlmlevin.org\/ro\/wp-json\/wp\/v2\/comments?post=144"}],"version-history":[{"count":1,"href":"https:\/\/baltnavyleaguecarlmlevin.org\/ro\/wp-json\/wp\/v2\/posts\/144\/revisions"}],"predecessor-version":[{"id":167,"href":"https:\/\/baltnavyleaguecarlmlevin.org\/ro\/wp-json\/wp\/v2\/posts\/144\/revisions\/167"}],"wp:featuredmedia":[{"embeddable":true,"href":"https:\/\/baltnavyleaguecarlmlevin.org\/ro\/wp-json\/wp\/v2\/media\/141"}],"wp:attachment":[{"href":"https:\/\/baltnavyleaguecarlmlevin.org\/ro\/wp-json\/wp\/v2\/media?parent=144"}],"wp:term":[{"taxonomy":"category","embeddable":true,"href":"https:\/\/baltnavyleaguecarlmlevin.org\/ro\/wp-json\/wp\/v2\/categories?post=144"},{"taxonomy":"post_tag","embeddable":true,"href":"https:\/\/baltnavyleaguecarlmlevin.org\/ro\/wp-json\/wp\/v2\/tags?post=144"}],"curies":[{"name":"wp","href":"https:\/\/api.w.org\/{rel}","templated":true}]}}